{"id":9993,"date":"2023-04-30T17:42:38","date_gmt":"2023-04-30T15:42:38","guid":{"rendered":"https:\/\/apnu.be\/?p=9993"},"modified":"2025-11-11T10:13:45","modified_gmt":"2025-11-11T09:13:45","slug":"le-6eme-rapport-de-synthese-du-giec-est-publie-que-nous-dit-il","status":"publish","type":"post","link":"https:\/\/apnu.be\/index.php\/2023\/04\/30\/le-6eme-rapport-de-synthese-du-giec-est-publie-que-nous-dit-il\/","title":{"rendered":"Le 6\u00e8me rapport de synth\u00e8se du GIEC est publi\u00e9. Que nous dit-il\u00a0?"},"content":{"rendered":"\n<p class=\"has-text-align-justify has-black-color has-text-color\">Le 6\u00e8me rapport de synth\u00e8se du GIEC, publi\u00e9 le 20 mars 2023, apr\u00e8s avoir \u00e9t\u00e9 \u00e2prement&nbsp; n\u00e9goci\u00e9 entre les scientifiques et les Etats , a \u00e9t\u00e9 adopt\u00e9 par les 195 membres du GIEC. Il cl\u00f4ture un cycle d&rsquo;\u00e9valuation de 8 ans auquel ont particip\u00e9 des milliers de scientifiques du monde entier. Il est particuli\u00e8rement important car il constituera, pour chaque Etat, la base scientifique du premier bilan de ses r\u00e9alisations depuis les engagements pris en 2015 dans le cadre de l\u2019Accord de Paris. Point crucial \u00e0 l&rsquo;agenda de la prochaine COP28 qui se tiendra \u00e0 Duba\u00ef du 30 novembre au 12 d\u00e9cembre 2023.<\/p>\n\n\n\n<p class=\"has-black-color has-text-color\"><strong>Quelles sont les principales constatations et conclusions de ce rapport ?<\/strong><\/p>\n\n\n\n<p class=\"has-text-align-justify has-black-color has-text-color\">Depuis le d\u00e9but de la r\u00e9volution industrielle (1850-1900), la temp\u00e9rature \u00e0 la surface du globe a augment\u00e9 de 1,1\u00b0. Cette augmentation est due aux \u00e9missions de gaz \u00e0 effet de serre (GES) produites par les activit\u00e9s humaines.<\/p>\n\n\n\n<p class=\"has-text-align-justify has-black-color has-text-color\">Le changement climatique se produit \u00e0 un rythme et une ampleur sans pr\u00e9c\u00e9dent, entra\u00eenant des \u00e9v\u00e9nements extr\u00eames de plus en plus fr\u00e9quents et violents. Il menace toujours davantage la s\u00e9curit\u00e9 alimentaire de millions de personnes, rend de plus en plus probl\u00e9matique l\u2019acc\u00e8s \u00e0 l\u2019eau et sa gestion, et a des cons\u00e9quences dramatiques sur la biodiversit\u00e9, l\u2019acidification des oc\u00e9ans, l&rsquo;\u00e9l\u00e9vation du niveau de la mer&#8230;<\/p>\n\n\n\n<p class=\"has-text-align-justify has-black-color has-text-color\">En d\u00e9pit d\u2019un ralentissement durant la p\u00e9riode du Covid, la concentration mondiale de GES a continu\u00e9 \u00e0 augmenter au cours de la derni\u00e8re d\u00e9cennie, malgr\u00e9 les engagements pris. Seuls 18 pays ont r\u00e9ussi \u00e0 r\u00e9duire leurs \u00e9missions pendant plus de 10 ans.<\/p>\n\n\n\n<p class=\"has-text-align-justify has-black-color has-text-color\">Le rapport met \u00e9galement en \u00e9vidence la r\u00e9partition tr\u00e8s in\u00e9galitaire de ces \u00e9missions, dont les cons\u00e9quences frappent principalement des populations qui, historiquement, n\u2019ont pas ou peu produit de GES. Actuellement 50% des plus pauvres sont responsables de 13 \u00e0 15% des \u00e9missions de GES, contre 35 \u00e0 45 % pour les 10% les plus riches.<\/p>\n\n\n\n<p class=\"has-text-align-justify has-black-color has-text-color\">Le GIEC d\u00e9taille pour la premi\u00e8re fois les aspects r\u00e9gionaux du changement climatique : il met en \u00e9vidence les variations substantielles de la vuln\u00e9rabilit\u00e9 des \u00e9cosyst\u00e8mes selon les r\u00e9gions du globe : 3 milliards d\u2019individus, vivant dans des r\u00e9gions particuli\u00e8rement vuln\u00e9rables telles que l&rsquo;Afrique au Sud du Sahara, l&rsquo;Asie du Sud, les petites \u00eeles, ou l&rsquo;Arctique, seraient menac\u00e9s.<\/p>\n\n\n\n<p class=\"has-text-align-justify has-black-color has-text-color\">Le terme \u201cjustice climatique\u201d est donc devenu le leitmotiv des Nations Unies et des militants du climat. Il faut se rappeler que le fonds pour \u00ab&nbsp;les pertes et pr\u00e9judices\u201d&nbsp;a \u00e9t\u00e9 un des grands enjeux de la COP 27 et le sera sans aucun doute \u00e9galement \u00e0 la COP 28.<\/p>\n\n\n\n<p class=\"has-text-align-justify has-black-color has-text-color\">Certaines cons\u00e9quences du r\u00e9chauffement sont d\u00e9j\u00e0 irr\u00e9versibles, telles l&rsquo;augmentation du niveau de la mer de 0,20 m et la fonte des glaciers. Le rapport rappelle que le r\u00e9chauffement climatique n&rsquo;est pas lin\u00e9aire. Sommes-nous au bord de points de ruptures en Arctique, en Amazonie&nbsp;? De plus, les risques li\u00e9s au changement climatique seront de plus en plus complexes et difficiles \u00e0 g\u00e9rer.<\/p>\n\n\n\n<p class=\"has-text-align-justify has-black-color has-text-color\">A politique inchang\u00e9e, les experts du GIEC estiment que la temp\u00e9rature augmentera de plus de 3,2\u00b0 \u00e0 la fin du si\u00e8cle : la survie de l&rsquo;humanit\u00e9 sera en jeu, la&nbsp; terre \u00e9tant devenue invivable dans de nombreuses r\u00e9gions et pour beaucoup d&rsquo;esp\u00e8ces.<\/p>\n\n\n\n<p class=\"has-text-align-justify has-black-color has-text-color\">Certes des progr\u00e8s ont \u00e9t\u00e9 enregistr\u00e9s, tant dans le domaine de l\u2019adaptation que dans l&rsquo;att\u00e9nuation (c\u00e0d les mesures visant \u00e0 diminuer les \u00e9missions de GES). Mais ces progr\u00e8s sont largement insuffisants, de m\u00eame que les financements. Le soutien aux \u00e9nergies fossiles, principales sources de la production des GES, est, encore aujourd&rsquo;hui, plus important que les financements d\u00e9di\u00e9s \u00e0 la lutte contre le changement climatique. Il faut de toute urgence d\u00e9ployer massivement les \u00e9nergies basses carbone et acc\u00e9l\u00e9rer la reforestation.<\/p>\n\n\n\n<p class=\"has-text-align-justify has-black-color has-text-color\"><br>Secteur par secteur le rapport d\u00e9taille les solutions pr\u00e9conis\u00e9es. Il souligne que nous avons le savoir-faire, les outils, les finances\u00a0 pour surmonter les d\u00e9fis pos\u00e9s\u00a0 par le changement climatique en cours. Il souligne \u00e9galement que la r\u00e9duction de la demande de biens de consommation et la sobri\u00e9t\u00e9 sont des \u00e9l\u00e9ments indispensables pour esp\u00e9rer limiter l&rsquo;augmentation de la temp\u00e9rature \u00e0 un niveau compatible avec la vie sur terre.<\/p>\n\n\n\n<p class=\"has-text-align-justify has-black-color has-text-color\">Le temps est compt\u00e9. L&rsquo;objectif de maintenir l\u2019augmentation de la temp\u00e9rature en dessous de 1,5\u00b0 est, pour de nombreux scientifiques, d\u00e9j\u00e0 d\u00e9pass\u00e9. Il faut&nbsp; entendre et r\u00e9pondre \u00e0&nbsp; l&rsquo;appel constant du Secr\u00e9taire g\u00e9n\u00e9ral de l\u2019ONU, Antonio Guterres, qui ne cesse de marteler que tout doit \u00eatre&nbsp; mis en \u0153uvre&nbsp; pour affronter toutes affaires cessantes le plus grand d\u00e9fi auquel est confront\u00e9 l&rsquo;humanit\u00e9.<\/p>\n\n\n\n<p class=\"has-text-align-justify has-black-color has-text-color\">En ce qui concerne la Belgique, les \u00e9missions de GES, apr\u00e8s la pause due au Covid, sont reparties \u00e0 la hausse.Ce qui signifie que la Belgique ne respecte&nbsp; pas la trajectoire d\u00e9finie dans le cadre du green deal europ\u00e9en.<\/p>\n\n\n\n<p class=\"has-text-align-justify has-black-color has-text-color\">Par ailleurs, le probl\u00e8me de la gouvernance climatique reste entier. Notre pays ne dispose toujours pas d&rsquo;une loi climat opposable \u00e0 toutes les entit\u00e9s et la question du <em>burden -sharing<\/em> (r\u00e9partition des \u00e9missions de GES, contribution au financement climatique international,) entre les R\u00e9gions n&rsquo;est toujours pas r\u00e9solue. Malgr\u00e9 les critiques d\u2019organisations internationales comme l&rsquo;OCDE et le FMI, la Belgique n&rsquo;a toujours pas trouv\u00e9 un accord politique lui permettant de disposer d&rsquo;un cadre coh\u00e9rent\u00a0 pour encadrer\u00a0 la gestion de sa politique du climat, dont les comp\u00e9tences sont r\u00e9parties entre toutes les entit\u00e9s f\u00e9d\u00e9r\u00e9es et le gouvernement f\u00e9d\u00e9ral. Heureusement les R\u00e9gions ont bien avanc\u00e9 et disposent aujourd\u2019hui&rsquo; d&rsquo;un plan \u00e9nergie-climat. Mais ces plans ne r\u00e9solvent pas la question de la coordination et de la coh\u00e9rence globale au niveau belge.<\/p>\n\n\n\n<p><\/p>\n\n\n\n<p>\u00a0<em>\u2712\ufe0f Martine Van Dooren, administratrice APNU<\/em><\/p>\n","protected":false},"excerpt":{"rendered":"<p>Lundi 20 mars 2023, le Groupe d\u2019experts intergouvernemental sur l\u2019\u00e9volution du climat (GIEC) a publi\u00e9 son sixi\u00e8me rapport qui est une synth\u00e8se des travaux scientifiques  effectu\u00e9s sur l\u2019environnement et le climat des huit derni\u00e8res ann\u00e9es. C\u2019est un v\u00e9ritable cri d\u2019alarme.<\/p>\n","protected":false},"author":1,"featured_media":9994,"comment_status":"open","ping_status":"open","sticky":false,"template":"","format":"standard","meta":{"_jetpack_memberships_contains_paid_content":false,"footnotes":""},"categories":[118],"tags":[141],"class_list":["post-9993","post","type-post","status-publish","format-standard","has-post-thumbnail","hentry","category-articles","tag-giec"],"yoast_head":"<!-- This site is optimized with the Yoast SEO plugin v27.5 - https:\/\/yoast.com\/product\/yoast-seo-wordpress\/ -->\n<title>Le 6\u00e8me rapport de synth\u00e8se du GIEC est publi\u00e9. Que nous dit-il\u00a0? - APNU<\/title>\n<meta name=\"robots\" content=\"index, follow, max-snippet:-1, max-image-preview:large, max-video-preview:-1\" \/>\n<link rel=\"canonical\" href=\"https:\/\/apnu.be\/index.php\/2023\/04\/30\/le-6eme-rapport-de-synthese-du-giec-est-publie-que-nous-dit-il\/\" \/>\n<meta property=\"og:locale\" content=\"fr_FR\" \/>\n<meta property=\"og:type\" content=\"article\" \/>\n<meta property=\"og:title\" content=\"Le 6\u00e8me rapport de synth\u00e8se du GIEC est publi\u00e9. Que nous dit-il\u00a0? - APNU\" \/>\n<meta property=\"og:description\" content=\"Lundi 20 mars 2023, le Groupe d\u2019experts intergouvernemental sur l\u2019\u00e9volution du climat (GIEC) a publi\u00e9 son sixi\u00e8me rapport qui est une synth\u00e8se des travaux scientifiques effectu\u00e9s sur l\u2019environnement et le climat des huit derni\u00e8res ann\u00e9es. C\u2019est un v\u00e9ritable cri d\u2019alarme.\" \/>\n<meta property=\"og:url\" content=\"https:\/\/apnu.be\/index.php\/2023\/04\/30\/le-6eme-rapport-de-synthese-du-giec-est-publie-que-nous-dit-il\/\" \/>\n<meta property=\"og:site_name\" content=\"APNU\" \/>\n<meta property=\"article:published_time\" content=\"2023-04-30T15:42:38+00:00\" \/>\n<meta property=\"article:modified_time\" content=\"2025-11-11T09:13:45+00:00\" \/>\n<meta property=\"og:image\" content=\"https:\/\/apnu.be\/wp-content\/uploads\/2023\/04\/Photo-ONU-Photo-Mark-Garten-2.png\" \/>\n\t<meta property=\"og:image:width\" content=\"1640\" \/>\n\t<meta property=\"og:image:height\" content=\"924\" \/>\n\t<meta property=\"og:image:type\" content=\"image\/png\" \/>\n<meta name=\"author\" content=\"admin\" \/>\n<meta name=\"twitter:card\" content=\"summary_large_image\" \/>\n<meta name=\"twitter:label1\" content=\"\u00c9crit par\" \/>\n\t<meta name=\"twitter:data1\" content=\"admin\" \/>\n\t<meta name=\"twitter:label2\" content=\"Dur\u00e9e de lecture estim\u00e9e\" \/>\n\t<meta name=\"twitter:data2\" content=\"5 minutes\" \/>\n<script type=\"application\/ld+json\" class=\"yoast-schema-graph\">{\"@context\":\"https:\\\/\\\/schema.org\",\"@graph\":[{\"@type\":\"Article\",\"@id\":\"https:\\\/\\\/apnu.be\\\/index.php\\\/2023\\\/04\\\/30\\\/le-6eme-rapport-de-synthese-du-giec-est-publie-que-nous-dit-il\\\/#article\",\"isPartOf\":{\"@id\":\"https:\\\/\\\/apnu.be\\\/index.php\\\/2023\\\/04\\\/30\\\/le-6eme-rapport-de-synthese-du-giec-est-publie-que-nous-dit-il\\\/\"},\"author\":{\"name\":\"admin\",\"@id\":\"https:\\\/\\\/apnu.be\\\/#\\\/schema\\\/person\\\/b1f84938ddb401b1df0d87b68855f7cc\"},\"headline\":\"Le 6\u00e8me rapport de synth\u00e8se du GIEC est publi\u00e9. Que nous dit-il\u00a0?\",\"datePublished\":\"2023-04-30T15:42:38+00:00\",\"dateModified\":\"2025-11-11T09:13:45+00:00\",\"mainEntityOfPage\":{\"@id\":\"https:\\\/\\\/apnu.be\\\/index.php\\\/2023\\\/04\\\/30\\\/le-6eme-rapport-de-synthese-du-giec-est-publie-que-nous-dit-il\\\/\"},\"wordCount\":1018,\"commentCount\":0,\"image\":{\"@id\":\"https:\\\/\\\/apnu.be\\\/index.php\\\/2023\\\/04\\\/30\\\/le-6eme-rapport-de-synthese-du-giec-est-publie-que-nous-dit-il\\\/#primaryimage\"},\"thumbnailUrl\":\"https:\\\/\\\/apnu.be\\\/wp-content\\\/uploads\\\/2023\\\/04\\\/Photo-ONU-Photo-Mark-Garten-2.png\",\"keywords\":[\"GIEC\"],\"articleSection\":[\"Articles\"],\"inLanguage\":\"fr-FR\",\"potentialAction\":[{\"@type\":\"CommentAction\",\"name\":\"Comment\",\"target\":[\"https:\\\/\\\/apnu.be\\\/index.php\\\/2023\\\/04\\\/30\\\/le-6eme-rapport-de-synthese-du-giec-est-publie-que-nous-dit-il\\\/#respond\"]}]},{\"@type\":\"WebPage\",\"@id\":\"https:\\\/\\\/apnu.be\\\/index.php\\\/2023\\\/04\\\/30\\\/le-6eme-rapport-de-synthese-du-giec-est-publie-que-nous-dit-il\\\/\",\"url\":\"https:\\\/\\\/apnu.be\\\/index.php\\\/2023\\\/04\\\/30\\\/le-6eme-rapport-de-synthese-du-giec-est-publie-que-nous-dit-il\\\/\",\"name\":\"Le 6\u00e8me rapport de synth\u00e8se du GIEC est publi\u00e9. Que nous dit-il\u00a0? - APNU\",\"isPartOf\":{\"@id\":\"https:\\\/\\\/apnu.be\\\/#website\"},\"primaryImageOfPage\":{\"@id\":\"https:\\\/\\\/apnu.be\\\/index.php\\\/2023\\\/04\\\/30\\\/le-6eme-rapport-de-synthese-du-giec-est-publie-que-nous-dit-il\\\/#primaryimage\"},\"image\":{\"@id\":\"https:\\\/\\\/apnu.be\\\/index.php\\\/2023\\\/04\\\/30\\\/le-6eme-rapport-de-synthese-du-giec-est-publie-que-nous-dit-il\\\/#primaryimage\"},\"thumbnailUrl\":\"https:\\\/\\\/apnu.be\\\/wp-content\\\/uploads\\\/2023\\\/04\\\/Photo-ONU-Photo-Mark-Garten-2.png\",\"datePublished\":\"2023-04-30T15:42:38+00:00\",\"dateModified\":\"2025-11-11T09:13:45+00:00\",\"author\":{\"@id\":\"https:\\\/\\\/apnu.be\\\/#\\\/schema\\\/person\\\/b1f84938ddb401b1df0d87b68855f7cc\"},\"breadcrumb\":{\"@id\":\"https:\\\/\\\/apnu.be\\\/index.php\\\/2023\\\/04\\\/30\\\/le-6eme-rapport-de-synthese-du-giec-est-publie-que-nous-dit-il\\\/#breadcrumb\"},\"inLanguage\":\"fr-FR\",\"potentialAction\":[{\"@type\":\"ReadAction\",\"target\":[\"https:\\\/\\\/apnu.be\\\/index.php\\\/2023\\\/04\\\/30\\\/le-6eme-rapport-de-synthese-du-giec-est-publie-que-nous-dit-il\\\/\"]}]},{\"@type\":\"ImageObject\",\"inLanguage\":\"fr-FR\",\"@id\":\"https:\\\/\\\/apnu.be\\\/index.php\\\/2023\\\/04\\\/30\\\/le-6eme-rapport-de-synthese-du-giec-est-publie-que-nous-dit-il\\\/#primaryimage\",\"url\":\"https:\\\/\\\/apnu.be\\\/wp-content\\\/uploads\\\/2023\\\/04\\\/Photo-ONU-Photo-Mark-Garten-2.png\",\"contentUrl\":\"https:\\\/\\\/apnu.be\\\/wp-content\\\/uploads\\\/2023\\\/04\\\/Photo-ONU-Photo-Mark-Garten-2.png\",\"width\":1640,\"height\":924},{\"@type\":\"BreadcrumbList\",\"@id\":\"https:\\\/\\\/apnu.be\\\/index.php\\\/2023\\\/04\\\/30\\\/le-6eme-rapport-de-synthese-du-giec-est-publie-que-nous-dit-il\\\/#breadcrumb\",\"itemListElement\":[{\"@type\":\"ListItem\",\"position\":1,\"name\":\"Accueil\",\"item\":\"https:\\\/\\\/apnu.be\\\/\"},{\"@type\":\"ListItem\",\"position\":2,\"name\":\"Le 6\u00e8me rapport de synth\u00e8se du GIEC est publi\u00e9. Que nous dit-il\u00a0?\"}]},{\"@type\":\"WebSite\",\"@id\":\"https:\\\/\\\/apnu.be\\\/#website\",\"url\":\"https:\\\/\\\/apnu.be\\\/\",\"name\":\"APNU\",\"description\":\"L\u2019Association pour les Nations Unies (A.P.N.U.). Association sans but lucratif (A.S.B.L.)\",\"potentialAction\":[{\"@type\":\"SearchAction\",\"target\":{\"@type\":\"EntryPoint\",\"urlTemplate\":\"https:\\\/\\\/apnu.be\\\/?s={search_term_string}\"},\"query-input\":{\"@type\":\"PropertyValueSpecification\",\"valueRequired\":true,\"valueName\":\"search_term_string\"}}],\"inLanguage\":\"fr-FR\"},{\"@type\":\"Person\",\"@id\":\"https:\\\/\\\/apnu.be\\\/#\\\/schema\\\/person\\\/b1f84938ddb401b1df0d87b68855f7cc\",\"name\":\"admin\",\"image\":{\"@type\":\"ImageObject\",\"inLanguage\":\"fr-FR\",\"@id\":\"https:\\\/\\\/secure.gravatar.com\\\/avatar\\\/e89e9f208d845f01122de42fcf3a35cf929bcb0deb840a867065b8f580c96a66?s=96&d=mm&r=g\",\"url\":\"https:\\\/\\\/secure.gravatar.com\\\/avatar\\\/e89e9f208d845f01122de42fcf3a35cf929bcb0deb840a867065b8f580c96a66?s=96&d=mm&r=g\",\"contentUrl\":\"https:\\\/\\\/secure.gravatar.com\\\/avatar\\\/e89e9f208d845f01122de42fcf3a35cf929bcb0deb840a867065b8f580c96a66?s=96&d=mm&r=g\",\"caption\":\"admin\"},\"url\":\"https:\\\/\\\/apnu.be\\\/index.php\\\/author\\\/admin\\\/\"}]}<\/script>\n<!-- \/ Yoast SEO plugin. -->","yoast_head_json":{"title":"Le 6\u00e8me rapport de synth\u00e8se du GIEC est publi\u00e9. Que nous dit-il\u00a0? - APNU","robots":{"index":"index","follow":"follow","max-snippet":"max-snippet:-1","max-image-preview":"max-image-preview:large","max-video-preview":"max-video-preview:-1"},"canonical":"https:\/\/apnu.be\/index.php\/2023\/04\/30\/le-6eme-rapport-de-synthese-du-giec-est-publie-que-nous-dit-il\/","og_locale":"fr_FR","og_type":"article","og_title":"Le 6\u00e8me rapport de synth\u00e8se du GIEC est publi\u00e9. Que nous dit-il\u00a0? - APNU","og_description":"Lundi 20 mars 2023, le Groupe d\u2019experts intergouvernemental sur l\u2019\u00e9volution du climat (GIEC) a publi\u00e9 son sixi\u00e8me rapport qui est une synth\u00e8se des travaux scientifiques effectu\u00e9s sur l\u2019environnement et le climat des huit derni\u00e8res ann\u00e9es. C\u2019est un v\u00e9ritable cri d\u2019alarme.","og_url":"https:\/\/apnu.be\/index.php\/2023\/04\/30\/le-6eme-rapport-de-synthese-du-giec-est-publie-que-nous-dit-il\/","og_site_name":"APNU","article_published_time":"2023-04-30T15:42:38+00:00","article_modified_time":"2025-11-11T09:13:45+00:00","og_image":[{"width":1640,"height":924,"url":"https:\/\/apnu.be\/wp-content\/uploads\/2023\/04\/Photo-ONU-Photo-Mark-Garten-2.png","type":"image\/png"}],"author":"admin","twitter_card":"summary_large_image","twitter_misc":{"\u00c9crit par":"admin","Dur\u00e9e de lecture estim\u00e9e":"5 minutes"},"schema":{"@context":"https:\/\/schema.org","@graph":[{"@type":"Article","@id":"https:\/\/apnu.be\/index.php\/2023\/04\/30\/le-6eme-rapport-de-synthese-du-giec-est-publie-que-nous-dit-il\/#article","isPartOf":{"@id":"https:\/\/apnu.be\/index.php\/2023\/04\/30\/le-6eme-rapport-de-synthese-du-giec-est-publie-que-nous-dit-il\/"},"author":{"name":"admin","@id":"https:\/\/apnu.be\/#\/schema\/person\/b1f84938ddb401b1df0d87b68855f7cc"},"headline":"Le 6\u00e8me rapport de synth\u00e8se du GIEC est publi\u00e9. Que nous dit-il\u00a0?","datePublished":"2023-04-30T15:42:38+00:00","dateModified":"2025-11-11T09:13:45+00:00","mainEntityOfPage":{"@id":"https:\/\/apnu.be\/index.php\/2023\/04\/30\/le-6eme-rapport-de-synthese-du-giec-est-publie-que-nous-dit-il\/"},"wordCount":1018,"commentCount":0,"image":{"@id":"https:\/\/apnu.be\/index.php\/2023\/04\/30\/le-6eme-rapport-de-synthese-du-giec-est-publie-que-nous-dit-il\/#primaryimage"},"thumbnailUrl":"https:\/\/apnu.be\/wp-content\/uploads\/2023\/04\/Photo-ONU-Photo-Mark-Garten-2.png","keywords":["GIEC"],"articleSection":["Articles"],"inLanguage":"fr-FR","potentialAction":[{"@type":"CommentAction","name":"Comment","target":["https:\/\/apnu.be\/index.php\/2023\/04\/30\/le-6eme-rapport-de-synthese-du-giec-est-publie-que-nous-dit-il\/#respond"]}]},{"@type":"WebPage","@id":"https:\/\/apnu.be\/index.php\/2023\/04\/30\/le-6eme-rapport-de-synthese-du-giec-est-publie-que-nous-dit-il\/","url":"https:\/\/apnu.be\/index.php\/2023\/04\/30\/le-6eme-rapport-de-synthese-du-giec-est-publie-que-nous-dit-il\/","name":"Le 6\u00e8me rapport de synth\u00e8se du GIEC est publi\u00e9. Que nous dit-il\u00a0? - APNU","isPartOf":{"@id":"https:\/\/apnu.be\/#website"},"primaryImageOfPage":{"@id":"https:\/\/apnu.be\/index.php\/2023\/04\/30\/le-6eme-rapport-de-synthese-du-giec-est-publie-que-nous-dit-il\/#primaryimage"},"image":{"@id":"https:\/\/apnu.be\/index.php\/2023\/04\/30\/le-6eme-rapport-de-synthese-du-giec-est-publie-que-nous-dit-il\/#primaryimage"},"thumbnailUrl":"https:\/\/apnu.be\/wp-content\/uploads\/2023\/04\/Photo-ONU-Photo-Mark-Garten-2.png","datePublished":"2023-04-30T15:42:38+00:00","dateModified":"2025-11-11T09:13:45+00:00","author":{"@id":"https:\/\/apnu.be\/#\/schema\/person\/b1f84938ddb401b1df0d87b68855f7cc"},"breadcrumb":{"@id":"https:\/\/apnu.be\/index.php\/2023\/04\/30\/le-6eme-rapport-de-synthese-du-giec-est-publie-que-nous-dit-il\/#breadcrumb"},"inLanguage":"fr-FR","potentialAction":[{"@type":"ReadAction","target":["https:\/\/apnu.be\/index.php\/2023\/04\/30\/le-6eme-rapport-de-synthese-du-giec-est-publie-que-nous-dit-il\/"]}]},{"@type":"ImageObject","inLanguage":"fr-FR","@id":"https:\/\/apnu.be\/index.php\/2023\/04\/30\/le-6eme-rapport-de-synthese-du-giec-est-publie-que-nous-dit-il\/#primaryimage","url":"https:\/\/apnu.be\/wp-content\/uploads\/2023\/04\/Photo-ONU-Photo-Mark-Garten-2.png","contentUrl":"https:\/\/apnu.be\/wp-content\/uploads\/2023\/04\/Photo-ONU-Photo-Mark-Garten-2.png","width":1640,"height":924},{"@type":"BreadcrumbList","@id":"https:\/\/apnu.be\/index.php\/2023\/04\/30\/le-6eme-rapport-de-synthese-du-giec-est-publie-que-nous-dit-il\/#breadcrumb","itemListElement":[{"@type":"ListItem","position":1,"name":"Accueil","item":"https:\/\/apnu.be\/"},{"@type":"ListItem","position":2,"name":"Le 6\u00e8me rapport de synth\u00e8se du GIEC est publi\u00e9. Que nous dit-il\u00a0?"}]},{"@type":"WebSite","@id":"https:\/\/apnu.be\/#website","url":"https:\/\/apnu.be\/","name":"APNU","description":"L\u2019Association pour les Nations Unies (A.P.N.U.). Association sans but lucratif (A.S.B.L.)","potentialAction":[{"@type":"SearchAction","target":{"@type":"EntryPoint","urlTemplate":"https:\/\/apnu.be\/?s={search_term_string}"},"query-input":{"@type":"PropertyValueSpecification","valueRequired":true,"valueName":"search_term_string"}}],"inLanguage":"fr-FR"},{"@type":"Person","@id":"https:\/\/apnu.be\/#\/schema\/person\/b1f84938ddb401b1df0d87b68855f7cc","name":"admin","image":{"@type":"ImageObject","inLanguage":"fr-FR","@id":"https:\/\/secure.gravatar.com\/avatar\/e89e9f208d845f01122de42fcf3a35cf929bcb0deb840a867065b8f580c96a66?s=96&d=mm&r=g","url":"https:\/\/secure.gravatar.com\/avatar\/e89e9f208d845f01122de42fcf3a35cf929bcb0deb840a867065b8f580c96a66?s=96&d=mm&r=g","contentUrl":"https:\/\/secure.gravatar.com\/avatar\/e89e9f208d845f01122de42fcf3a35cf929bcb0deb840a867065b8f580c96a66?s=96&d=mm&r=g","caption":"admin"},"url":"https:\/\/apnu.be\/index.php\/author\/admin\/"}]}},"jetpack_featured_media_url":"https:\/\/apnu.be\/wp-content\/uploads\/2023\/04\/Photo-ONU-Photo-Mark-Garten-2.png","jetpack_sharing_enabled":true,"_links":{"self":[{"href":"https:\/\/apnu.be\/index.php\/wp-json\/wp\/v2\/posts\/9993","targetHints":{"allow":["GET"]}}],"collection":[{"href":"https:\/\/apnu.be\/index.php\/wp-json\/wp\/v2\/posts"}],"about":[{"href":"https:\/\/apnu.be\/index.php\/wp-json\/wp\/v2\/types\/post"}],"author":[{"embeddable":true,"href":"https:\/\/apnu.be\/index.php\/wp-json\/wp\/v2\/users\/1"}],"replies":[{"embeddable":true,"href":"https:\/\/apnu.be\/index.php\/wp-json\/wp\/v2\/comments?post=9993"}],"version-history":[{"count":1,"href":"https:\/\/apnu.be\/index.php\/wp-json\/wp\/v2\/posts\/9993\/revisions"}],"predecessor-version":[{"id":9995,"href":"https:\/\/apnu.be\/index.php\/wp-json\/wp\/v2\/posts\/9993\/revisions\/9995"}],"wp:featuredmedia":[{"embeddable":true,"href":"https:\/\/apnu.be\/index.php\/wp-json\/wp\/v2\/media\/9994"}],"wp:attachment":[{"href":"https:\/\/apnu.be\/index.php\/wp-json\/wp\/v2\/media?parent=9993"}],"wp:term":[{"taxonomy":"category","embeddable":true,"href":"https:\/\/apnu.be\/index.php\/wp-json\/wp\/v2\/categories?post=9993"},{"taxonomy":"post_tag","embeddable":true,"href":"https:\/\/apnu.be\/index.php\/wp-json\/wp\/v2\/tags?post=9993"}],"curies":[{"name":"wp","href":"https:\/\/api.w.org\/{rel}","templated":true}]}}