{"id":9802,"date":"2022-07-08T10:21:39","date_gmt":"2022-07-08T08:21:39","guid":{"rendered":"https:\/\/apnu.be\/?p=9802"},"modified":"2025-11-11T10:19:47","modified_gmt":"2025-11-11T09:19:47","slug":"convention-daarhus-la-cee-onu-nomme-son-1er-rapporteur-special-sur-les-defenseurs-de-lenvironnement","status":"publish","type":"post","link":"https:\/\/apnu.be\/index.php\/2022\/07\/08\/convention-daarhus-la-cee-onu-nomme-son-1er-rapporteur-special-sur-les-defenseurs-de-lenvironnement\/","title":{"rendered":"Convention d\u2019Aarhus : la CEE\/ONU nomme son 1er Rapporteur sp\u00e9cial sur les d\u00e9fenseurs de l\u2019environnement"},"content":{"rendered":"\n<p>24 juin 2022: La Commission \u00e9conomique des Nations Unies pour l\u2019Europe (CEE-ONU) a cr\u00e9\u00e9 cette semaine le poste de Rapporteur sp\u00e9cial sur la protection des d\u00e9fenseurs de l\u2019environnement. Il s\u2019agit du premier poste d\u2019expert ind\u00e9pendant \u00e9lu dans le cadre de la Convention d\u2019Aarhus.<\/p>\n\n\n\n<p>La R\u00e9union des Etats Parties \u00e0 la Convention sur l\u2019acc\u00e8s \u00e0 l\u2019information, la participation du public au processus d\u00e9cisionnel et l\u2019acc\u00e8s \u00e0 la justice en mati\u00e8re d\u2019environnement (Convention d\u2019Aarhus) a \u00e9lu, par consensus, le Fran\u00e7ais Michel Forst en tant que premier Rapporteur sp\u00e9cial.<\/p>\n\n\n\n<p>\u00ab Je serai un rapporteur sp\u00e9cial ind\u00e9pendant, ind\u00e9pendant des pays, des ONG et du secr\u00e9tariat \u00bb, a dit dans un communiqu\u00e9 Michel Forst apr\u00e8s son \u00e9lection. \u00ab Je serai un Rapporteur sp\u00e9cial exigeant, exigeant envers moi-m\u00eame et envers les autres, et je serai un Rapporteur sp\u00e9cial qui \u00e9coutera toutes les voix \u00bb, relevant l\u2019importance de la transparence et surtout pour \u00ab d\u00e9montrer l\u2019utilit\u00e9 de ce nouveau m\u00e9canisme \u00bb.<\/p>\n\n\n\n<p>Selon la CEE-ONU, le poste est \u00ab op\u00e9rationnel avec effet imm\u00e9diat \u00bb. Et l\u2019ancien Rapporteur sp\u00e9cial de l\u2019ONU sur la situation des d\u00e9fenseurs des droits de l\u2019homme devrait prendre des mesures pour \u00ab prot\u00e9ger toute personne subissant ou menac\u00e9e de fa\u00e7on imminente de p\u00e9nalisation, de pers\u00e9cution ou de harc\u00e8lement pour avoir cherch\u00e9 \u00e0 exercer ses droits en vertu de la Convention d\u2019Aarhus \u00bb.<\/p>\n\n\n\n<p>M. Forst jouera \u00e9galement un r\u00f4le proactif dans la sensibilisation aux droits des d\u00e9fenseurs de l\u2019environnement en vertu de la Convention d\u2019Aarhus. Il coop\u00e9rera avec d\u2019autres organes et organisations de d\u00e9fense des droits de l\u2019homme concern\u00e9s.\u202f<\/p>\n\n\n\n<p>Il y a d\u00e9j\u00e0 eu plusieurs experts ind\u00e9pendants, rapporteurs sp\u00e9ciaux et autres m\u00e9canismes d\u2019enqu\u00eates li\u00e9s au Conseil des droits de l\u2019homme et au Bureau des droits de l\u2019homme de l\u2019ONU. Mais au sein du syst\u00e8me des Nations Unies ou pour toute autre structure intergouvernementale, il s\u2019agit du premier m\u00e9canisme de protection sp\u00e9cifique des d\u00e9fenseurs de l\u2019environnement \u00e0 \u00eatre \u00e9tabli dans un cadre juridiquement contraignant.<\/p>\n\n\n\n<p>Le Rapporteur sp\u00e9cial, dont le travail sera soutenu par le secr\u00e9tariat de la Convention d\u2019Aarhus, dispose de divers outils pour r\u00e9soudre les plaintes et prot\u00e9ger les d\u00e9fenseurs de l\u2019environnement de mani\u00e8re rapide et efficace. Les mesures de protection seront adapt\u00e9es \u00e0 chaque situation et pourront inclure plusieurs actions que la Partie concern\u00e9e est invit\u00e9e \u00e0 prendre pour s\u2019assurer que les d\u00e9fenseurs de l\u2019environnement ne soient pas soumis \u00e0 de nouvelles pers\u00e9cutions, p\u00e9nalisations et harc\u00e8lements.<\/p>\n","protected":false},"excerpt":{"rendered":"<p>24 juin 2022: La Commission \u00e9conomique des Nations Unies pour l\u2019Europe (CEE-ONU) a cr\u00e9\u00e9 cette&#8230;<\/p>\n","protected":false},"author":1,"featured_media":9801,"comment_status":"open","ping_status":"open","sticky":false,"template":"","format":"standard","meta":{"_jetpack_memberships_contains_paid_content":false,"footnotes":""},"categories":[118],"tags":[],"class_list":["post-9802","post","type-post","status-publish","format-standard","has-post-thumbnail","hentry","category-articles"],"yoast_head":"<!-- This site is optimized with the Yoast SEO plugin v27.5 - https:\/\/yoast.com\/product\/yoast-seo-wordpress\/ -->\n<title>Convention d\u2019Aarhus : la CEE\/ONU nomme son 1er Rapporteur sp\u00e9cial sur les d\u00e9fenseurs de l\u2019environnement - APNU<\/title>\n<meta name=\"robots\" content=\"index, follow, max-snippet:-1, max-image-preview:large, max-video-preview:-1\" \/>\n<link rel=\"canonical\" href=\"https:\/\/apnu.be\/index.php\/2022\/07\/08\/convention-daarhus-la-cee-onu-nomme-son-1er-rapporteur-special-sur-les-defenseurs-de-lenvironnement\/\" \/>\n<meta property=\"og:locale\" content=\"fr_FR\" \/>\n<meta property=\"og:type\" content=\"article\" \/>\n<meta property=\"og:title\" content=\"Convention d\u2019Aarhus : la CEE\/ONU nomme son 1er Rapporteur sp\u00e9cial sur les d\u00e9fenseurs de l\u2019environnement - APNU\" \/>\n<meta property=\"og:description\" content=\"24 juin 2022: La Commission \u00e9conomique des Nations Unies pour l\u2019Europe (CEE-ONU) a cr\u00e9\u00e9 cette...\" \/>\n<meta property=\"og:url\" content=\"https:\/\/apnu.be\/index.php\/2022\/07\/08\/convention-daarhus-la-cee-onu-nomme-son-1er-rapporteur-special-sur-les-defenseurs-de-lenvironnement\/\" \/>\n<meta property=\"og:site_name\" content=\"APNU\" \/>\n<meta property=\"article:published_time\" content=\"2022-07-08T08:21:39+00:00\" \/>\n<meta property=\"article:modified_time\" content=\"2025-11-11T09:19:47+00:00\" \/>\n<meta property=\"og:image\" content=\"https:\/\/apnu.be\/wp-content\/uploads\/2022\/07\/Jean-Marc-Ferre-2.jpg\" \/>\n\t<meta property=\"og:image:width\" content=\"1034\" \/>\n\t<meta property=\"og:image:height\" content=\"465\" \/>\n\t<meta property=\"og:image:type\" content=\"image\/jpeg\" \/>\n<meta name=\"author\" content=\"admin\" \/>\n<meta name=\"twitter:card\" content=\"summary_large_image\" \/>\n<meta name=\"twitter:label1\" content=\"\u00c9crit par\" \/>\n\t<meta name=\"twitter:data1\" content=\"admin\" \/>\n\t<meta name=\"twitter:label2\" content=\"Dur\u00e9e de lecture estim\u00e9e\" \/>\n\t<meta name=\"twitter:data2\" content=\"2 minutes\" \/>\n<script type=\"application\/ld+json\" class=\"yoast-schema-graph\">{\"@context\":\"https:\\\/\\\/schema.org\",\"@graph\":[{\"@type\":\"Article\",\"@id\":\"https:\\\/\\\/apnu.be\\\/index.php\\\/2022\\\/07\\\/08\\\/convention-daarhus-la-cee-onu-nomme-son-1er-rapporteur-special-sur-les-defenseurs-de-lenvironnement\\\/#article\",\"isPartOf\":{\"@id\":\"https:\\\/\\\/apnu.be\\\/index.php\\\/2022\\\/07\\\/08\\\/convention-daarhus-la-cee-onu-nomme-son-1er-rapporteur-special-sur-les-defenseurs-de-lenvironnement\\\/\"},\"author\":{\"name\":\"admin\",\"@id\":\"https:\\\/\\\/apnu.be\\\/#\\\/schema\\\/person\\\/b1f84938ddb401b1df0d87b68855f7cc\"},\"headline\":\"Convention d\u2019Aarhus : la CEE\\\/ONU nomme son 1er Rapporteur sp\u00e9cial sur les d\u00e9fenseurs de l\u2019environnement\",\"datePublished\":\"2022-07-08T08:21:39+00:00\",\"dateModified\":\"2025-11-11T09:19:47+00:00\",\"mainEntityOfPage\":{\"@id\":\"https:\\\/\\\/apnu.be\\\/index.php\\\/2022\\\/07\\\/08\\\/convention-daarhus-la-cee-onu-nomme-son-1er-rapporteur-special-sur-les-defenseurs-de-lenvironnement\\\/\"},\"wordCount\":478,\"commentCount\":0,\"image\":{\"@id\":\"https:\\\/\\\/apnu.be\\\/index.php\\\/2022\\\/07\\\/08\\\/convention-daarhus-la-cee-onu-nomme-son-1er-rapporteur-special-sur-les-defenseurs-de-lenvironnement\\\/#primaryimage\"},\"thumbnailUrl\":\"https:\\\/\\\/apnu.be\\\/wp-content\\\/uploads\\\/2022\\\/07\\\/Jean-Marc-Ferre-2.jpg\",\"articleSection\":[\"Articles\"],\"inLanguage\":\"fr-FR\",\"potentialAction\":[{\"@type\":\"CommentAction\",\"name\":\"Comment\",\"target\":[\"https:\\\/\\\/apnu.be\\\/index.php\\\/2022\\\/07\\\/08\\\/convention-daarhus-la-cee-onu-nomme-son-1er-rapporteur-special-sur-les-defenseurs-de-lenvironnement\\\/#respond\"]}]},{\"@type\":\"WebPage\",\"@id\":\"https:\\\/\\\/apnu.be\\\/index.php\\\/2022\\\/07\\\/08\\\/convention-daarhus-la-cee-onu-nomme-son-1er-rapporteur-special-sur-les-defenseurs-de-lenvironnement\\\/\",\"url\":\"https:\\\/\\\/apnu.be\\\/index.php\\\/2022\\\/07\\\/08\\\/convention-daarhus-la-cee-onu-nomme-son-1er-rapporteur-special-sur-les-defenseurs-de-lenvironnement\\\/\",\"name\":\"Convention d\u2019Aarhus : la CEE\\\/ONU nomme son 1er Rapporteur sp\u00e9cial sur les d\u00e9fenseurs de l\u2019environnement - APNU\",\"isPartOf\":{\"@id\":\"https:\\\/\\\/apnu.be\\\/#website\"},\"primaryImageOfPage\":{\"@id\":\"https:\\\/\\\/apnu.be\\\/index.php\\\/2022\\\/07\\\/08\\\/convention-daarhus-la-cee-onu-nomme-son-1er-rapporteur-special-sur-les-defenseurs-de-lenvironnement\\\/#primaryimage\"},\"image\":{\"@id\":\"https:\\\/\\\/apnu.be\\\/index.php\\\/2022\\\/07\\\/08\\\/convention-daarhus-la-cee-onu-nomme-son-1er-rapporteur-special-sur-les-defenseurs-de-lenvironnement\\\/#primaryimage\"},\"thumbnailUrl\":\"https:\\\/\\\/apnu.be\\\/wp-content\\\/uploads\\\/2022\\\/07\\\/Jean-Marc-Ferre-2.jpg\",\"datePublished\":\"2022-07-08T08:21:39+00:00\",\"dateModified\":\"2025-11-11T09:19:47+00:00\",\"author\":{\"@id\":\"https:\\\/\\\/apnu.be\\\/#\\\/schema\\\/person\\\/b1f84938ddb401b1df0d87b68855f7cc\"},\"breadcrumb\":{\"@id\":\"https:\\\/\\\/apnu.be\\\/index.php\\\/2022\\\/07\\\/08\\\/convention-daarhus-la-cee-onu-nomme-son-1er-rapporteur-special-sur-les-defenseurs-de-lenvironnement\\\/#breadcrumb\"},\"inLanguage\":\"fr-FR\",\"potentialAction\":[{\"@type\":\"ReadAction\",\"target\":[\"https:\\\/\\\/apnu.be\\\/index.php\\\/2022\\\/07\\\/08\\\/convention-daarhus-la-cee-onu-nomme-son-1er-rapporteur-special-sur-les-defenseurs-de-lenvironnement\\\/\"]}]},{\"@type\":\"ImageObject\",\"inLanguage\":\"fr-FR\",\"@id\":\"https:\\\/\\\/apnu.be\\\/index.php\\\/2022\\\/07\\\/08\\\/convention-daarhus-la-cee-onu-nomme-son-1er-rapporteur-special-sur-les-defenseurs-de-lenvironnement\\\/#primaryimage\",\"url\":\"https:\\\/\\\/apnu.be\\\/wp-content\\\/uploads\\\/2022\\\/07\\\/Jean-Marc-Ferre-2.jpg\",\"contentUrl\":\"https:\\\/\\\/apnu.be\\\/wp-content\\\/uploads\\\/2022\\\/07\\\/Jean-Marc-Ferre-2.jpg\",\"width\":1034,\"height\":465},{\"@type\":\"BreadcrumbList\",\"@id\":\"https:\\\/\\\/apnu.be\\\/index.php\\\/2022\\\/07\\\/08\\\/convention-daarhus-la-cee-onu-nomme-son-1er-rapporteur-special-sur-les-defenseurs-de-lenvironnement\\\/#breadcrumb\",\"itemListElement\":[{\"@type\":\"ListItem\",\"position\":1,\"name\":\"Accueil\",\"item\":\"https:\\\/\\\/apnu.be\\\/\"},{\"@type\":\"ListItem\",\"position\":2,\"name\":\"Convention d\u2019Aarhus : la CEE\\\/ONU nomme son 1er Rapporteur sp\u00e9cial sur les d\u00e9fenseurs de l\u2019environnement\"}]},{\"@type\":\"WebSite\",\"@id\":\"https:\\\/\\\/apnu.be\\\/#website\",\"url\":\"https:\\\/\\\/apnu.be\\\/\",\"name\":\"APNU\",\"description\":\"L\u2019Association pour les Nations Unies (A.P.N.U.). Association sans but lucratif (A.S.B.L.)\",\"potentialAction\":[{\"@type\":\"SearchAction\",\"target\":{\"@type\":\"EntryPoint\",\"urlTemplate\":\"https:\\\/\\\/apnu.be\\\/?s={search_term_string}\"},\"query-input\":{\"@type\":\"PropertyValueSpecification\",\"valueRequired\":true,\"valueName\":\"search_term_string\"}}],\"inLanguage\":\"fr-FR\"},{\"@type\":\"Person\",\"@id\":\"https:\\\/\\\/apnu.be\\\/#\\\/schema\\\/person\\\/b1f84938ddb401b1df0d87b68855f7cc\",\"name\":\"admin\",\"image\":{\"@type\":\"ImageObject\",\"inLanguage\":\"fr-FR\",\"@id\":\"https:\\\/\\\/secure.gravatar.com\\\/avatar\\\/e89e9f208d845f01122de42fcf3a35cf929bcb0deb840a867065b8f580c96a66?s=96&d=mm&r=g\",\"url\":\"https:\\\/\\\/secure.gravatar.com\\\/avatar\\\/e89e9f208d845f01122de42fcf3a35cf929bcb0deb840a867065b8f580c96a66?s=96&d=mm&r=g\",\"contentUrl\":\"https:\\\/\\\/secure.gravatar.com\\\/avatar\\\/e89e9f208d845f01122de42fcf3a35cf929bcb0deb840a867065b8f580c96a66?s=96&d=mm&r=g\",\"caption\":\"admin\"},\"url\":\"https:\\\/\\\/apnu.be\\\/index.php\\\/author\\\/admin\\\/\"}]}<\/script>\n<!-- \/ Yoast SEO plugin. -->","yoast_head_json":{"title":"Convention d\u2019Aarhus : la CEE\/ONU nomme son 1er Rapporteur sp\u00e9cial sur les d\u00e9fenseurs de l\u2019environnement - APNU","robots":{"index":"index","follow":"follow","max-snippet":"max-snippet:-1","max-image-preview":"max-image-preview:large","max-video-preview":"max-video-preview:-1"},"canonical":"https:\/\/apnu.be\/index.php\/2022\/07\/08\/convention-daarhus-la-cee-onu-nomme-son-1er-rapporteur-special-sur-les-defenseurs-de-lenvironnement\/","og_locale":"fr_FR","og_type":"article","og_title":"Convention d\u2019Aarhus : la CEE\/ONU nomme son 1er Rapporteur sp\u00e9cial sur les d\u00e9fenseurs de l\u2019environnement - APNU","og_description":"24 juin 2022: La Commission \u00e9conomique des Nations Unies pour l\u2019Europe (CEE-ONU) a cr\u00e9\u00e9 cette...","og_url":"https:\/\/apnu.be\/index.php\/2022\/07\/08\/convention-daarhus-la-cee-onu-nomme-son-1er-rapporteur-special-sur-les-defenseurs-de-lenvironnement\/","og_site_name":"APNU","article_published_time":"2022-07-08T08:21:39+00:00","article_modified_time":"2025-11-11T09:19:47+00:00","og_image":[{"width":1034,"height":465,"url":"https:\/\/apnu.be\/wp-content\/uploads\/2022\/07\/Jean-Marc-Ferre-2.jpg","type":"image\/jpeg"}],"author":"admin","twitter_card":"summary_large_image","twitter_misc":{"\u00c9crit par":"admin","Dur\u00e9e de lecture estim\u00e9e":"2 minutes"},"schema":{"@context":"https:\/\/schema.org","@graph":[{"@type":"Article","@id":"https:\/\/apnu.be\/index.php\/2022\/07\/08\/convention-daarhus-la-cee-onu-nomme-son-1er-rapporteur-special-sur-les-defenseurs-de-lenvironnement\/#article","isPartOf":{"@id":"https:\/\/apnu.be\/index.php\/2022\/07\/08\/convention-daarhus-la-cee-onu-nomme-son-1er-rapporteur-special-sur-les-defenseurs-de-lenvironnement\/"},"author":{"name":"admin","@id":"https:\/\/apnu.be\/#\/schema\/person\/b1f84938ddb401b1df0d87b68855f7cc"},"headline":"Convention d\u2019Aarhus : la CEE\/ONU nomme son 1er Rapporteur sp\u00e9cial sur les d\u00e9fenseurs de l\u2019environnement","datePublished":"2022-07-08T08:21:39+00:00","dateModified":"2025-11-11T09:19:47+00:00","mainEntityOfPage":{"@id":"https:\/\/apnu.be\/index.php\/2022\/07\/08\/convention-daarhus-la-cee-onu-nomme-son-1er-rapporteur-special-sur-les-defenseurs-de-lenvironnement\/"},"wordCount":478,"commentCount":0,"image":{"@id":"https:\/\/apnu.be\/index.php\/2022\/07\/08\/convention-daarhus-la-cee-onu-nomme-son-1er-rapporteur-special-sur-les-defenseurs-de-lenvironnement\/#primaryimage"},"thumbnailUrl":"https:\/\/apnu.be\/wp-content\/uploads\/2022\/07\/Jean-Marc-Ferre-2.jpg","articleSection":["Articles"],"inLanguage":"fr-FR","potentialAction":[{"@type":"CommentAction","name":"Comment","target":["https:\/\/apnu.be\/index.php\/2022\/07\/08\/convention-daarhus-la-cee-onu-nomme-son-1er-rapporteur-special-sur-les-defenseurs-de-lenvironnement\/#respond"]}]},{"@type":"WebPage","@id":"https:\/\/apnu.be\/index.php\/2022\/07\/08\/convention-daarhus-la-cee-onu-nomme-son-1er-rapporteur-special-sur-les-defenseurs-de-lenvironnement\/","url":"https:\/\/apnu.be\/index.php\/2022\/07\/08\/convention-daarhus-la-cee-onu-nomme-son-1er-rapporteur-special-sur-les-defenseurs-de-lenvironnement\/","name":"Convention d\u2019Aarhus : la CEE\/ONU nomme son 1er Rapporteur sp\u00e9cial sur les d\u00e9fenseurs de l\u2019environnement - APNU","isPartOf":{"@id":"https:\/\/apnu.be\/#website"},"primaryImageOfPage":{"@id":"https:\/\/apnu.be\/index.php\/2022\/07\/08\/convention-daarhus-la-cee-onu-nomme-son-1er-rapporteur-special-sur-les-defenseurs-de-lenvironnement\/#primaryimage"},"image":{"@id":"https:\/\/apnu.be\/index.php\/2022\/07\/08\/convention-daarhus-la-cee-onu-nomme-son-1er-rapporteur-special-sur-les-defenseurs-de-lenvironnement\/#primaryimage"},"thumbnailUrl":"https:\/\/apnu.be\/wp-content\/uploads\/2022\/07\/Jean-Marc-Ferre-2.jpg","datePublished":"2022-07-08T08:21:39+00:00","dateModified":"2025-11-11T09:19:47+00:00","author":{"@id":"https:\/\/apnu.be\/#\/schema\/person\/b1f84938ddb401b1df0d87b68855f7cc"},"breadcrumb":{"@id":"https:\/\/apnu.be\/index.php\/2022\/07\/08\/convention-daarhus-la-cee-onu-nomme-son-1er-rapporteur-special-sur-les-defenseurs-de-lenvironnement\/#breadcrumb"},"inLanguage":"fr-FR","potentialAction":[{"@type":"ReadAction","target":["https:\/\/apnu.be\/index.php\/2022\/07\/08\/convention-daarhus-la-cee-onu-nomme-son-1er-rapporteur-special-sur-les-defenseurs-de-lenvironnement\/"]}]},{"@type":"ImageObject","inLanguage":"fr-FR","@id":"https:\/\/apnu.be\/index.php\/2022\/07\/08\/convention-daarhus-la-cee-onu-nomme-son-1er-rapporteur-special-sur-les-defenseurs-de-lenvironnement\/#primaryimage","url":"https:\/\/apnu.be\/wp-content\/uploads\/2022\/07\/Jean-Marc-Ferre-2.jpg","contentUrl":"https:\/\/apnu.be\/wp-content\/uploads\/2022\/07\/Jean-Marc-Ferre-2.jpg","width":1034,"height":465},{"@type":"BreadcrumbList","@id":"https:\/\/apnu.be\/index.php\/2022\/07\/08\/convention-daarhus-la-cee-onu-nomme-son-1er-rapporteur-special-sur-les-defenseurs-de-lenvironnement\/#breadcrumb","itemListElement":[{"@type":"ListItem","position":1,"name":"Accueil","item":"https:\/\/apnu.be\/"},{"@type":"ListItem","position":2,"name":"Convention d\u2019Aarhus : la CEE\/ONU nomme son 1er Rapporteur sp\u00e9cial sur les d\u00e9fenseurs de l\u2019environnement"}]},{"@type":"WebSite","@id":"https:\/\/apnu.be\/#website","url":"https:\/\/apnu.be\/","name":"APNU","description":"L\u2019Association pour les Nations Unies (A.P.N.U.). Association sans but lucratif (A.S.B.L.)","potentialAction":[{"@type":"SearchAction","target":{"@type":"EntryPoint","urlTemplate":"https:\/\/apnu.be\/?s={search_term_string}"},"query-input":{"@type":"PropertyValueSpecification","valueRequired":true,"valueName":"search_term_string"}}],"inLanguage":"fr-FR"},{"@type":"Person","@id":"https:\/\/apnu.be\/#\/schema\/person\/b1f84938ddb401b1df0d87b68855f7cc","name":"admin","image":{"@type":"ImageObject","inLanguage":"fr-FR","@id":"https:\/\/secure.gravatar.com\/avatar\/e89e9f208d845f01122de42fcf3a35cf929bcb0deb840a867065b8f580c96a66?s=96&d=mm&r=g","url":"https:\/\/secure.gravatar.com\/avatar\/e89e9f208d845f01122de42fcf3a35cf929bcb0deb840a867065b8f580c96a66?s=96&d=mm&r=g","contentUrl":"https:\/\/secure.gravatar.com\/avatar\/e89e9f208d845f01122de42fcf3a35cf929bcb0deb840a867065b8f580c96a66?s=96&d=mm&r=g","caption":"admin"},"url":"https:\/\/apnu.be\/index.php\/author\/admin\/"}]}},"jetpack_featured_media_url":"https:\/\/apnu.be\/wp-content\/uploads\/2022\/07\/Jean-Marc-Ferre-2.jpg","jetpack_sharing_enabled":true,"_links":{"self":[{"href":"https:\/\/apnu.be\/index.php\/wp-json\/wp\/v2\/posts\/9802","targetHints":{"allow":["GET"]}}],"collection":[{"href":"https:\/\/apnu.be\/index.php\/wp-json\/wp\/v2\/posts"}],"about":[{"href":"https:\/\/apnu.be\/index.php\/wp-json\/wp\/v2\/types\/post"}],"author":[{"embeddable":true,"href":"https:\/\/apnu.be\/index.php\/wp-json\/wp\/v2\/users\/1"}],"replies":[{"embeddable":true,"href":"https:\/\/apnu.be\/index.php\/wp-json\/wp\/v2\/comments?post=9802"}],"version-history":[{"count":1,"href":"https:\/\/apnu.be\/index.php\/wp-json\/wp\/v2\/posts\/9802\/revisions"}],"predecessor-version":[{"id":9803,"href":"https:\/\/apnu.be\/index.php\/wp-json\/wp\/v2\/posts\/9802\/revisions\/9803"}],"wp:featuredmedia":[{"embeddable":true,"href":"https:\/\/apnu.be\/index.php\/wp-json\/wp\/v2\/media\/9801"}],"wp:attachment":[{"href":"https:\/\/apnu.be\/index.php\/wp-json\/wp\/v2\/media?parent=9802"}],"wp:term":[{"taxonomy":"category","embeddable":true,"href":"https:\/\/apnu.be\/index.php\/wp-json\/wp\/v2\/categories?post=9802"},{"taxonomy":"post_tag","embeddable":true,"href":"https:\/\/apnu.be\/index.php\/wp-json\/wp\/v2\/tags?post=9802"}],"curies":[{"name":"wp","href":"https:\/\/api.w.org\/{rel}","templated":true}]}}