{"id":9681,"date":"2022-03-03T08:53:04","date_gmt":"2022-03-03T07:53:04","guid":{"rendered":"https:\/\/apnu.be\/?p=9681"},"modified":"2025-11-11T10:21:21","modified_gmt":"2025-11-11T09:21:21","slug":"guerre-en-ukraine-resolution-de-lassemblee-generale-de-lonu-et-declaration-de-la-federation-mondiale-des-associations-pour-les-nations-unies","status":"publish","type":"post","link":"https:\/\/apnu.be\/index.php\/2022\/03\/03\/guerre-en-ukraine-resolution-de-lassemblee-generale-de-lonu-et-declaration-de-la-federation-mondiale-des-associations-pour-les-nations-unies\/","title":{"rendered":"Guerre en Ukraine: r\u00e9solution de l&rsquo;Assembl\u00e9e g\u00e9n\u00e9rale de l&rsquo;ONU et d\u00e9claration de la F\u00e9d\u00e9ration mondiale des associations pour les Nations Unies"},"content":{"rendered":"\n<p class=\"has-text-align-justify has-black-color has-text-color\">L\u2019Assembl\u00e9e g\u00e9n\u00e9rale de l\u2019ONU, r\u00e9unie en urgence en session extraordinaire exceptionnelle, a adopt\u00e9 mercredi 1er mars 2022 une r\u00e9solution qui \u00ab&nbsp;exige que la Russie cesse imm\u00e9diatement de recourir \u00e0 la force contre l\u2019Ukraine&nbsp;\u00bb. La r\u00e9solution a \u00e9t\u00e9 approuv\u00e9e massivement par 141 pays, cinq s\u2019y opposant, et 35 s\u2019abstenant dont la Chine, sur les 193 membres que compte l\u2019Organisation. Vous trouverez le texte de la r\u00e9solution<a href=\"https:\/\/apnu.be\/index.php\/2022\/03\/03\/guerre-en-ukraine-resolution-de-lassemblee-generale-de-lonu-et-declaration-de-la-federation-mondiale-des-associations-pour-les-nations-unies\/resolution-ag-onu-1-03-2022\/\"> <strong>ici<\/strong><\/a><strong>.<\/strong><\/p>\n\n\n\n<figure class=\"wp-block-image\"><img decoding=\"async\" src=\"https:\/\/upload.wikimedia.org\/wikipedia\/commons\/3\/3b\/WFUNA_logo_pos_2c_RGB.jpg\" alt=\"Fichier:WFUNA logo pos 2c RGB.jpg \u2014 Wikip\u00e9dia\"\/><\/figure>\n\n\n\n<p class=\"has-text-align-justify has-black-color has-text-color\">Par ailleurs, la F\u00e9d\u00e9ration mondiale des associations pour les Nations Unies (WFUNA), qui rassemble toutes les associations nationales de soutien aux Nations Unies dont la n\u00f4tre, a \u00e9mis une d\u00e9claration solennelle que l&rsquo;APNU et la VVN ont contresign\u00e9e au nom de UNA-Belgium. Vous trouverez le texte de cette d\u00e9claration<strong><a href=\"https:\/\/apnu.be\/wp-content\/uploads\/2022\/03\/WFUNA-Ukraine-Statement-28Feb2022.pdf\"> ici.<\/a><\/strong><\/p>\n\n\n\n<p> <\/p>\n","protected":false},"excerpt":{"rendered":"<p>L\u2019Assembl\u00e9e g\u00e9n\u00e9rale de l\u2019ONU a adopt\u00e9 mercredi 1er mars 2022 une r\u00e9solution qui \u00ab\u00a0exige que la Russie cesse imm\u00e9diatement de recourir \u00e0 la force contre l\u2019Ukraine\u00a0\u00bb.<\/p>\n","protected":false},"author":1,"featured_media":9710,"comment_status":"open","ping_status":"open","sticky":true,"template":"","format":"standard","meta":{"_jetpack_memberships_contains_paid_content":false,"footnotes":""},"categories":[118],"tags":[],"class_list":["post-9681","post","type-post","status-publish","format-standard","has-post-thumbnail","hentry","category-articles"],"yoast_head":"<!-- This site is optimized with the Yoast SEO plugin v27.5 - https:\/\/yoast.com\/product\/yoast-seo-wordpress\/ -->\n<title>Guerre en Ukraine: r\u00e9solution de l&#039;Assembl\u00e9e g\u00e9n\u00e9rale de l&#039;ONU et d\u00e9claration de la F\u00e9d\u00e9ration mondiale des associations pour les Nations Unies - APNU<\/title>\n<meta name=\"robots\" content=\"index, follow, max-snippet:-1, max-image-preview:large, max-video-preview:-1\" \/>\n<link rel=\"canonical\" href=\"https:\/\/apnu.be\/index.php\/2022\/03\/03\/guerre-en-ukraine-resolution-de-lassemblee-generale-de-lonu-et-declaration-de-la-federation-mondiale-des-associations-pour-les-nations-unies\/\" \/>\n<meta property=\"og:locale\" content=\"fr_FR\" \/>\n<meta property=\"og:type\" content=\"article\" \/>\n<meta property=\"og:title\" content=\"Guerre en Ukraine: r\u00e9solution de l&#039;Assembl\u00e9e g\u00e9n\u00e9rale de l&#039;ONU et d\u00e9claration de la F\u00e9d\u00e9ration mondiale des associations pour les Nations Unies - APNU\" \/>\n<meta property=\"og:description\" content=\"L\u2019Assembl\u00e9e g\u00e9n\u00e9rale de l\u2019ONU a adopt\u00e9 mercredi 1er mars 2022 une r\u00e9solution qui \u00ab\u00a0exige que la Russie cesse imm\u00e9diatement de recourir \u00e0 la force contre l\u2019Ukraine\u00a0\u00bb.\" \/>\n<meta property=\"og:url\" content=\"https:\/\/apnu.be\/index.php\/2022\/03\/03\/guerre-en-ukraine-resolution-de-lassemblee-generale-de-lonu-et-declaration-de-la-federation-mondiale-des-associations-pour-les-nations-unies\/\" \/>\n<meta property=\"og:site_name\" content=\"APNU\" \/>\n<meta property=\"article:published_time\" content=\"2022-03-03T07:53:04+00:00\" \/>\n<meta property=\"article:modified_time\" content=\"2025-11-11T09:21:21+00:00\" \/>\n<meta property=\"og:image\" content=\"https:\/\/apnu.be\/wp-content\/uploads\/2022\/03\/4-e1646302203829.png\" \/>\n\t<meta property=\"og:image:width\" content=\"500\" \/>\n\t<meta property=\"og:image:height\" content=\"281\" \/>\n\t<meta property=\"og:image:type\" content=\"image\/png\" \/>\n<meta name=\"author\" content=\"admin\" \/>\n<meta name=\"twitter:card\" content=\"summary_large_image\" \/>\n<meta name=\"twitter:label1\" content=\"\u00c9crit par\" \/>\n\t<meta name=\"twitter:data1\" content=\"admin\" \/>\n\t<meta name=\"twitter:label2\" content=\"Dur\u00e9e de lecture estim\u00e9e\" \/>\n\t<meta name=\"twitter:data2\" content=\"1 minute\" \/>\n<script type=\"application\/ld+json\" class=\"yoast-schema-graph\">{\"@context\":\"https:\\\/\\\/schema.org\",\"@graph\":[{\"@type\":\"Article\",\"@id\":\"https:\\\/\\\/apnu.be\\\/index.php\\\/2022\\\/03\\\/03\\\/guerre-en-ukraine-resolution-de-lassemblee-generale-de-lonu-et-declaration-de-la-federation-mondiale-des-associations-pour-les-nations-unies\\\/#article\",\"isPartOf\":{\"@id\":\"https:\\\/\\\/apnu.be\\\/index.php\\\/2022\\\/03\\\/03\\\/guerre-en-ukraine-resolution-de-lassemblee-generale-de-lonu-et-declaration-de-la-federation-mondiale-des-associations-pour-les-nations-unies\\\/\"},\"author\":{\"name\":\"admin\",\"@id\":\"https:\\\/\\\/apnu.be\\\/#\\\/schema\\\/person\\\/b1f84938ddb401b1df0d87b68855f7cc\"},\"headline\":\"Guerre en Ukraine: r\u00e9solution de l&rsquo;Assembl\u00e9e g\u00e9n\u00e9rale de l&rsquo;ONU et d\u00e9claration de la F\u00e9d\u00e9ration mondiale des associations pour les Nations Unies\",\"datePublished\":\"2022-03-03T07:53:04+00:00\",\"dateModified\":\"2025-11-11T09:21:21+00:00\",\"mainEntityOfPage\":{\"@id\":\"https:\\\/\\\/apnu.be\\\/index.php\\\/2022\\\/03\\\/03\\\/guerre-en-ukraine-resolution-de-lassemblee-generale-de-lonu-et-declaration-de-la-federation-mondiale-des-associations-pour-les-nations-unies\\\/\"},\"wordCount\":165,\"commentCount\":0,\"image\":{\"@id\":\"https:\\\/\\\/apnu.be\\\/index.php\\\/2022\\\/03\\\/03\\\/guerre-en-ukraine-resolution-de-lassemblee-generale-de-lonu-et-declaration-de-la-federation-mondiale-des-associations-pour-les-nations-unies\\\/#primaryimage\"},\"thumbnailUrl\":\"https:\\\/\\\/apnu.be\\\/wp-content\\\/uploads\\\/2022\\\/03\\\/4-e1646302203829.png\",\"articleSection\":[\"Articles\"],\"inLanguage\":\"fr-FR\",\"potentialAction\":[{\"@type\":\"CommentAction\",\"name\":\"Comment\",\"target\":[\"https:\\\/\\\/apnu.be\\\/index.php\\\/2022\\\/03\\\/03\\\/guerre-en-ukraine-resolution-de-lassemblee-generale-de-lonu-et-declaration-de-la-federation-mondiale-des-associations-pour-les-nations-unies\\\/#respond\"]}]},{\"@type\":\"WebPage\",\"@id\":\"https:\\\/\\\/apnu.be\\\/index.php\\\/2022\\\/03\\\/03\\\/guerre-en-ukraine-resolution-de-lassemblee-generale-de-lonu-et-declaration-de-la-federation-mondiale-des-associations-pour-les-nations-unies\\\/\",\"url\":\"https:\\\/\\\/apnu.be\\\/index.php\\\/2022\\\/03\\\/03\\\/guerre-en-ukraine-resolution-de-lassemblee-generale-de-lonu-et-declaration-de-la-federation-mondiale-des-associations-pour-les-nations-unies\\\/\",\"name\":\"Guerre en Ukraine: r\u00e9solution de l'Assembl\u00e9e g\u00e9n\u00e9rale de l'ONU et d\u00e9claration de la F\u00e9d\u00e9ration mondiale des associations pour les Nations Unies - APNU\",\"isPartOf\":{\"@id\":\"https:\\\/\\\/apnu.be\\\/#website\"},\"primaryImageOfPage\":{\"@id\":\"https:\\\/\\\/apnu.be\\\/index.php\\\/2022\\\/03\\\/03\\\/guerre-en-ukraine-resolution-de-lassemblee-generale-de-lonu-et-declaration-de-la-federation-mondiale-des-associations-pour-les-nations-unies\\\/#primaryimage\"},\"image\":{\"@id\":\"https:\\\/\\\/apnu.be\\\/index.php\\\/2022\\\/03\\\/03\\\/guerre-en-ukraine-resolution-de-lassemblee-generale-de-lonu-et-declaration-de-la-federation-mondiale-des-associations-pour-les-nations-unies\\\/#primaryimage\"},\"thumbnailUrl\":\"https:\\\/\\\/apnu.be\\\/wp-content\\\/uploads\\\/2022\\\/03\\\/4-e1646302203829.png\",\"datePublished\":\"2022-03-03T07:53:04+00:00\",\"dateModified\":\"2025-11-11T09:21:21+00:00\",\"author\":{\"@id\":\"https:\\\/\\\/apnu.be\\\/#\\\/schema\\\/person\\\/b1f84938ddb401b1df0d87b68855f7cc\"},\"breadcrumb\":{\"@id\":\"https:\\\/\\\/apnu.be\\\/index.php\\\/2022\\\/03\\\/03\\\/guerre-en-ukraine-resolution-de-lassemblee-generale-de-lonu-et-declaration-de-la-federation-mondiale-des-associations-pour-les-nations-unies\\\/#breadcrumb\"},\"inLanguage\":\"fr-FR\",\"potentialAction\":[{\"@type\":\"ReadAction\",\"target\":[\"https:\\\/\\\/apnu.be\\\/index.php\\\/2022\\\/03\\\/03\\\/guerre-en-ukraine-resolution-de-lassemblee-generale-de-lonu-et-declaration-de-la-federation-mondiale-des-associations-pour-les-nations-unies\\\/\"]}]},{\"@type\":\"ImageObject\",\"inLanguage\":\"fr-FR\",\"@id\":\"https:\\\/\\\/apnu.be\\\/index.php\\\/2022\\\/03\\\/03\\\/guerre-en-ukraine-resolution-de-lassemblee-generale-de-lonu-et-declaration-de-la-federation-mondiale-des-associations-pour-les-nations-unies\\\/#primaryimage\",\"url\":\"https:\\\/\\\/apnu.be\\\/wp-content\\\/uploads\\\/2022\\\/03\\\/4-e1646302203829.png\",\"contentUrl\":\"https:\\\/\\\/apnu.be\\\/wp-content\\\/uploads\\\/2022\\\/03\\\/4-e1646302203829.png\",\"width\":500,\"height\":281},{\"@type\":\"BreadcrumbList\",\"@id\":\"https:\\\/\\\/apnu.be\\\/index.php\\\/2022\\\/03\\\/03\\\/guerre-en-ukraine-resolution-de-lassemblee-generale-de-lonu-et-declaration-de-la-federation-mondiale-des-associations-pour-les-nations-unies\\\/#breadcrumb\",\"itemListElement\":[{\"@type\":\"ListItem\",\"position\":1,\"name\":\"Accueil\",\"item\":\"https:\\\/\\\/apnu.be\\\/\"},{\"@type\":\"ListItem\",\"position\":2,\"name\":\"Guerre en Ukraine: r\u00e9solution de l&rsquo;Assembl\u00e9e g\u00e9n\u00e9rale de l&rsquo;ONU et d\u00e9claration de la F\u00e9d\u00e9ration mondiale des associations pour les Nations Unies\"}]},{\"@type\":\"WebSite\",\"@id\":\"https:\\\/\\\/apnu.be\\\/#website\",\"url\":\"https:\\\/\\\/apnu.be\\\/\",\"name\":\"APNU\",\"description\":\"L\u2019Association pour les Nations Unies (A.P.N.U.). Association sans but lucratif (A.S.B.L.)\",\"potentialAction\":[{\"@type\":\"SearchAction\",\"target\":{\"@type\":\"EntryPoint\",\"urlTemplate\":\"https:\\\/\\\/apnu.be\\\/?s={search_term_string}\"},\"query-input\":{\"@type\":\"PropertyValueSpecification\",\"valueRequired\":true,\"valueName\":\"search_term_string\"}}],\"inLanguage\":\"fr-FR\"},{\"@type\":\"Person\",\"@id\":\"https:\\\/\\\/apnu.be\\\/#\\\/schema\\\/person\\\/b1f84938ddb401b1df0d87b68855f7cc\",\"name\":\"admin\",\"image\":{\"@type\":\"ImageObject\",\"inLanguage\":\"fr-FR\",\"@id\":\"https:\\\/\\\/secure.gravatar.com\\\/avatar\\\/e89e9f208d845f01122de42fcf3a35cf929bcb0deb840a867065b8f580c96a66?s=96&d=mm&r=g\",\"url\":\"https:\\\/\\\/secure.gravatar.com\\\/avatar\\\/e89e9f208d845f01122de42fcf3a35cf929bcb0deb840a867065b8f580c96a66?s=96&d=mm&r=g\",\"contentUrl\":\"https:\\\/\\\/secure.gravatar.com\\\/avatar\\\/e89e9f208d845f01122de42fcf3a35cf929bcb0deb840a867065b8f580c96a66?s=96&d=mm&r=g\",\"caption\":\"admin\"},\"url\":\"https:\\\/\\\/apnu.be\\\/index.php\\\/author\\\/admin\\\/\"}]}<\/script>\n<!-- \/ Yoast SEO plugin. -->","yoast_head_json":{"title":"Guerre en Ukraine: r\u00e9solution de l'Assembl\u00e9e g\u00e9n\u00e9rale de l'ONU et d\u00e9claration de la F\u00e9d\u00e9ration mondiale des associations pour les Nations Unies - APNU","robots":{"index":"index","follow":"follow","max-snippet":"max-snippet:-1","max-image-preview":"max-image-preview:large","max-video-preview":"max-video-preview:-1"},"canonical":"https:\/\/apnu.be\/index.php\/2022\/03\/03\/guerre-en-ukraine-resolution-de-lassemblee-generale-de-lonu-et-declaration-de-la-federation-mondiale-des-associations-pour-les-nations-unies\/","og_locale":"fr_FR","og_type":"article","og_title":"Guerre en Ukraine: r\u00e9solution de l'Assembl\u00e9e g\u00e9n\u00e9rale de l'ONU et d\u00e9claration de la F\u00e9d\u00e9ration mondiale des associations pour les Nations Unies - APNU","og_description":"L\u2019Assembl\u00e9e g\u00e9n\u00e9rale de l\u2019ONU a adopt\u00e9 mercredi 1er mars 2022 une r\u00e9solution qui \u00ab\u00a0exige que la Russie cesse imm\u00e9diatement de recourir \u00e0 la force contre l\u2019Ukraine\u00a0\u00bb.","og_url":"https:\/\/apnu.be\/index.php\/2022\/03\/03\/guerre-en-ukraine-resolution-de-lassemblee-generale-de-lonu-et-declaration-de-la-federation-mondiale-des-associations-pour-les-nations-unies\/","og_site_name":"APNU","article_published_time":"2022-03-03T07:53:04+00:00","article_modified_time":"2025-11-11T09:21:21+00:00","og_image":[{"width":500,"height":281,"url":"https:\/\/apnu.be\/wp-content\/uploads\/2022\/03\/4-e1646302203829.png","type":"image\/png"}],"author":"admin","twitter_card":"summary_large_image","twitter_misc":{"\u00c9crit par":"admin","Dur\u00e9e de lecture estim\u00e9e":"1 minute"},"schema":{"@context":"https:\/\/schema.org","@graph":[{"@type":"Article","@id":"https:\/\/apnu.be\/index.php\/2022\/03\/03\/guerre-en-ukraine-resolution-de-lassemblee-generale-de-lonu-et-declaration-de-la-federation-mondiale-des-associations-pour-les-nations-unies\/#article","isPartOf":{"@id":"https:\/\/apnu.be\/index.php\/2022\/03\/03\/guerre-en-ukraine-resolution-de-lassemblee-generale-de-lonu-et-declaration-de-la-federation-mondiale-des-associations-pour-les-nations-unies\/"},"author":{"name":"admin","@id":"https:\/\/apnu.be\/#\/schema\/person\/b1f84938ddb401b1df0d87b68855f7cc"},"headline":"Guerre en Ukraine: r\u00e9solution de l&rsquo;Assembl\u00e9e g\u00e9n\u00e9rale de l&rsquo;ONU et d\u00e9claration de la F\u00e9d\u00e9ration mondiale des associations pour les Nations Unies","datePublished":"2022-03-03T07:53:04+00:00","dateModified":"2025-11-11T09:21:21+00:00","mainEntityOfPage":{"@id":"https:\/\/apnu.be\/index.php\/2022\/03\/03\/guerre-en-ukraine-resolution-de-lassemblee-generale-de-lonu-et-declaration-de-la-federation-mondiale-des-associations-pour-les-nations-unies\/"},"wordCount":165,"commentCount":0,"image":{"@id":"https:\/\/apnu.be\/index.php\/2022\/03\/03\/guerre-en-ukraine-resolution-de-lassemblee-generale-de-lonu-et-declaration-de-la-federation-mondiale-des-associations-pour-les-nations-unies\/#primaryimage"},"thumbnailUrl":"https:\/\/apnu.be\/wp-content\/uploads\/2022\/03\/4-e1646302203829.png","articleSection":["Articles"],"inLanguage":"fr-FR","potentialAction":[{"@type":"CommentAction","name":"Comment","target":["https:\/\/apnu.be\/index.php\/2022\/03\/03\/guerre-en-ukraine-resolution-de-lassemblee-generale-de-lonu-et-declaration-de-la-federation-mondiale-des-associations-pour-les-nations-unies\/#respond"]}]},{"@type":"WebPage","@id":"https:\/\/apnu.be\/index.php\/2022\/03\/03\/guerre-en-ukraine-resolution-de-lassemblee-generale-de-lonu-et-declaration-de-la-federation-mondiale-des-associations-pour-les-nations-unies\/","url":"https:\/\/apnu.be\/index.php\/2022\/03\/03\/guerre-en-ukraine-resolution-de-lassemblee-generale-de-lonu-et-declaration-de-la-federation-mondiale-des-associations-pour-les-nations-unies\/","name":"Guerre en Ukraine: r\u00e9solution de l'Assembl\u00e9e g\u00e9n\u00e9rale de l'ONU et d\u00e9claration de la F\u00e9d\u00e9ration mondiale des associations pour les Nations Unies - APNU","isPartOf":{"@id":"https:\/\/apnu.be\/#website"},"primaryImageOfPage":{"@id":"https:\/\/apnu.be\/index.php\/2022\/03\/03\/guerre-en-ukraine-resolution-de-lassemblee-generale-de-lonu-et-declaration-de-la-federation-mondiale-des-associations-pour-les-nations-unies\/#primaryimage"},"image":{"@id":"https:\/\/apnu.be\/index.php\/2022\/03\/03\/guerre-en-ukraine-resolution-de-lassemblee-generale-de-lonu-et-declaration-de-la-federation-mondiale-des-associations-pour-les-nations-unies\/#primaryimage"},"thumbnailUrl":"https:\/\/apnu.be\/wp-content\/uploads\/2022\/03\/4-e1646302203829.png","datePublished":"2022-03-03T07:53:04+00:00","dateModified":"2025-11-11T09:21:21+00:00","author":{"@id":"https:\/\/apnu.be\/#\/schema\/person\/b1f84938ddb401b1df0d87b68855f7cc"},"breadcrumb":{"@id":"https:\/\/apnu.be\/index.php\/2022\/03\/03\/guerre-en-ukraine-resolution-de-lassemblee-generale-de-lonu-et-declaration-de-la-federation-mondiale-des-associations-pour-les-nations-unies\/#breadcrumb"},"inLanguage":"fr-FR","potentialAction":[{"@type":"ReadAction","target":["https:\/\/apnu.be\/index.php\/2022\/03\/03\/guerre-en-ukraine-resolution-de-lassemblee-generale-de-lonu-et-declaration-de-la-federation-mondiale-des-associations-pour-les-nations-unies\/"]}]},{"@type":"ImageObject","inLanguage":"fr-FR","@id":"https:\/\/apnu.be\/index.php\/2022\/03\/03\/guerre-en-ukraine-resolution-de-lassemblee-generale-de-lonu-et-declaration-de-la-federation-mondiale-des-associations-pour-les-nations-unies\/#primaryimage","url":"https:\/\/apnu.be\/wp-content\/uploads\/2022\/03\/4-e1646302203829.png","contentUrl":"https:\/\/apnu.be\/wp-content\/uploads\/2022\/03\/4-e1646302203829.png","width":500,"height":281},{"@type":"BreadcrumbList","@id":"https:\/\/apnu.be\/index.php\/2022\/03\/03\/guerre-en-ukraine-resolution-de-lassemblee-generale-de-lonu-et-declaration-de-la-federation-mondiale-des-associations-pour-les-nations-unies\/#breadcrumb","itemListElement":[{"@type":"ListItem","position":1,"name":"Accueil","item":"https:\/\/apnu.be\/"},{"@type":"ListItem","position":2,"name":"Guerre en Ukraine: r\u00e9solution de l&rsquo;Assembl\u00e9e g\u00e9n\u00e9rale de l&rsquo;ONU et d\u00e9claration de la F\u00e9d\u00e9ration mondiale des associations pour les Nations Unies"}]},{"@type":"WebSite","@id":"https:\/\/apnu.be\/#website","url":"https:\/\/apnu.be\/","name":"APNU","description":"L\u2019Association pour les Nations Unies (A.P.N.U.). Association sans but lucratif (A.S.B.L.)","potentialAction":[{"@type":"SearchAction","target":{"@type":"EntryPoint","urlTemplate":"https:\/\/apnu.be\/?s={search_term_string}"},"query-input":{"@type":"PropertyValueSpecification","valueRequired":true,"valueName":"search_term_string"}}],"inLanguage":"fr-FR"},{"@type":"Person","@id":"https:\/\/apnu.be\/#\/schema\/person\/b1f84938ddb401b1df0d87b68855f7cc","name":"admin","image":{"@type":"ImageObject","inLanguage":"fr-FR","@id":"https:\/\/secure.gravatar.com\/avatar\/e89e9f208d845f01122de42fcf3a35cf929bcb0deb840a867065b8f580c96a66?s=96&d=mm&r=g","url":"https:\/\/secure.gravatar.com\/avatar\/e89e9f208d845f01122de42fcf3a35cf929bcb0deb840a867065b8f580c96a66?s=96&d=mm&r=g","contentUrl":"https:\/\/secure.gravatar.com\/avatar\/e89e9f208d845f01122de42fcf3a35cf929bcb0deb840a867065b8f580c96a66?s=96&d=mm&r=g","caption":"admin"},"url":"https:\/\/apnu.be\/index.php\/author\/admin\/"}]}},"jetpack_featured_media_url":"https:\/\/apnu.be\/wp-content\/uploads\/2022\/03\/4-e1646302203829.png","jetpack_sharing_enabled":true,"_links":{"self":[{"href":"https:\/\/apnu.be\/index.php\/wp-json\/wp\/v2\/posts\/9681","targetHints":{"allow":["GET"]}}],"collection":[{"href":"https:\/\/apnu.be\/index.php\/wp-json\/wp\/v2\/posts"}],"about":[{"href":"https:\/\/apnu.be\/index.php\/wp-json\/wp\/v2\/types\/post"}],"author":[{"embeddable":true,"href":"https:\/\/apnu.be\/index.php\/wp-json\/wp\/v2\/users\/1"}],"replies":[{"embeddable":true,"href":"https:\/\/apnu.be\/index.php\/wp-json\/wp\/v2\/comments?post=9681"}],"version-history":[{"count":12,"href":"https:\/\/apnu.be\/index.php\/wp-json\/wp\/v2\/posts\/9681\/revisions"}],"predecessor-version":[{"id":9712,"href":"https:\/\/apnu.be\/index.php\/wp-json\/wp\/v2\/posts\/9681\/revisions\/9712"}],"wp:featuredmedia":[{"embeddable":true,"href":"https:\/\/apnu.be\/index.php\/wp-json\/wp\/v2\/media\/9710"}],"wp:attachment":[{"href":"https:\/\/apnu.be\/index.php\/wp-json\/wp\/v2\/media?parent=9681"}],"wp:term":[{"taxonomy":"category","embeddable":true,"href":"https:\/\/apnu.be\/index.php\/wp-json\/wp\/v2\/categories?post=9681"},{"taxonomy":"post_tag","embeddable":true,"href":"https:\/\/apnu.be\/index.php\/wp-json\/wp\/v2\/tags?post=9681"}],"curies":[{"name":"wp","href":"https:\/\/api.w.org\/{rel}","templated":true}]}}