{"id":9676,"date":"2022-03-01T23:15:44","date_gmt":"2022-03-01T22:15:44","guid":{"rendered":"https:\/\/apnu.be\/?p=9676"},"modified":"2025-11-11T10:21:36","modified_gmt":"2025-11-11T09:21:36","slug":"communique-de-la-coalition-climat-au-sujet-du-dernier-rapport-du-giec","status":"publish","type":"post","link":"https:\/\/apnu.be\/index.php\/2022\/03\/01\/communique-de-la-coalition-climat-au-sujet-du-dernier-rapport-du-giec\/","title":{"rendered":"Communiqu\u00e9 de la Coalition Climat au sujet du dernier rapport du GIEC"},"content":{"rendered":"\n<p>A l&rsquo;occasion de la sortie ce 28 f\u00e9vrier du dernier rapport du Groupe intergouvernemental d&rsquo;experts sur l&rsquo;\u00e9volution du climat (GIEC), la Coalition Climat qui rassemble plus de 80 ONG belges, dont l&rsquo;APNU, a publi\u00e9 le communiqu\u00e9 suivant:<\/p>\n\n\n\n<figure id=\"m_-841977912948088536bodyTable\" class=\"wp-block-table is-style-stripes\"><table><tbody><tr><td><strong><span style=\"text-decoration: underline;\">GIEC : Les scientifiques tirent, encore et&nbsp; plus fort, la sonnette d\u2019alarme<\/span><\/strong><br><br><strong>28 f\u00e9vrier 2022. Le GIEC a d\u00e9voil\u00e9 le deuxi\u00e8me chapitre de son nouveau rapport d\u2019\u00e9valuation sur les impacts du changement climatique. Les conclusions sont claires et nettes : les impacts du d\u00e9r\u00e8glement climatique seront encore plus rapides et plus lourds que pr\u00e9vu. Les inondations dramatiques de juillet 2021 ont \u00e9t\u00e9 une illustration explicite de ces cons\u00e9quences dans notre pays. La Coalition Climat exige que la Belgique prenne ses responsabilit\u00e9s, en r\u00e9duisant&nbsp; rapidement ses \u00e9missions de gaz \u00e0 effets de serre (GES) et en soutenant les pays du Sud dans leurs politiques d\u2019adaptation et de transition.<\/strong><br><em>\u201cL\u2019inaction n\u2019est plus une option\u201d<\/em>, selon Nicolas Van Nuffel, pr\u00e9sident de la Coalition Climat. \u201c<em>Non seulement elle tue mais elle co\u00fbtera des milliards \u00e0 l\u2019\u00e9conomie belge et aura de lourdes cons\u00e9quences pour les g\u00e9n\u00e9rations futures.\u201d<\/em>&nbsp;La Coalition Climat propose plus de 100 solutions pour lutter contre la crise climatique.&nbsp;<em>\u201cNotre&nbsp;<a href=\"https:\/\/klimaatcoalitie.us12.list-manage.com\/track\/click?u=77a23a425ab945953b14e71db&amp;id=bfc1c32729&amp;e=6be1df67b6\" target=\"_blank\" rel=\"noreferrer noopener\">m\u00e9morandum \u201cpour un Green New Deal belge\u201d<\/a>&nbsp;offre des solutions climatiques qui prennent en compte les principes d\u2019une transition juste, la r\u00e9duction des in\u00e9galit\u00e9s sociales et d\u2019 autres formes de discrimination tout en faisant de la nature une alli\u00e9e.\u201d<\/em><br><strong><span style=\"text-decoration: underline;\">Combiner le social et la nature pour b\u00e2tir une soci\u00e9t\u00e9 r\u00e9siliente<\/span><\/strong><br>La Belgique aussi conna\u00eet d\u00e9sormais les cons\u00e9quences dramatiques du d\u00e9r\u00e8glement climatique. Des politiques ambitieuses en mati\u00e8re d\u2019adaptation et de r\u00e9silience doivent urgemment \u00eatre mises en place. D\u2019une part, elles doivent reposer sur des politiques socialement justes.&nbsp;<em>\u201cOn l\u2019a vu l\u2019\u00e9t\u00e9 dernier, ce sont les plus pr\u00e9caires qui sont les plus affect\u00e9s par les cons\u00e9quences du r\u00e9chauffement plan\u00e9taire. Par ailleurs, la&nbsp; crise climatique renforce les in\u00e9galit\u00e9s.\u201d&nbsp;<\/em>explique Nicolas Van Nuffel. \u201c<em>Ces r\u00e9alit\u00e9s doivent \u00eatre au c\u0153ur de toutes les politiques climatiques.\u201d<\/em><br>D\u2019autre part, le rapport fait \u00e9tat des liens existants entre l\u2019urgence climatique et la destruction de la biodiversit\u00e9, l\u2019une aggravant dramatiquement l\u2019autre.&nbsp;<em>\u201cIl est essentiel de montrer plus de consid\u00e9ration envers les \u00e9cosyst\u00e8mes qui sont nos plus grands alli\u00e9s, sp\u00e9cifiquement en mati\u00e8re d&rsquo;adaptation\u00a0\u00bb.<\/em><br><strong><span style=\"text-decoration: underline;\">La solidarit\u00e9 internationale comme principe cl\u00e9<\/span><\/strong><br>Ce rapport souligne \u00e9galement l\u2019importance d\u2019un soutien juste et suffisant pour les pays les plus vuln\u00e9rables \u00e0 la crise climatique. Alors qu\u2019ils en subissent les plus lourdes cons\u00e9quences, ces pays sont les moins responsables de la crise climatique.&nbsp;<em>\u201cUne premi\u00e8re solution serait tout simplement que les pays riches respectent leurs promesses en termes de financement climat international\u201d<\/em>, rappelle Nicolas Van Nuffel. L\u2019autre dossier mis en relief par le nouveau chapitre du GIEC est la question des \u201cpertes et pr\u00e9judices\u201d et de l\u2019assistance aux victimes des changements climatiques. <br>Au boulot!<\/td><\/tr><\/tbody><\/table><\/figure>\n","protected":false},"excerpt":{"rendered":"<p>A l&rsquo;occasion de la sortie le 28 f\u00e9vrier 2022 du dernier rapport du GIEC, la Coalition Climat qui rassemble plus de 80 ONG belges, dont l&rsquo;APNU, a publi\u00e9 un communiqu\u00e9. <\/p>\n","protected":false},"author":1,"featured_media":9714,"comment_status":"open","ping_status":"open","sticky":false,"template":"","format":"standard","meta":{"_jetpack_memberships_contains_paid_content":false,"footnotes":""},"categories":[118],"tags":[],"class_list":["post-9676","post","type-post","status-publish","format-standard","has-post-thumbnail","hentry","category-articles"],"yoast_head":"<!-- This site is optimized with the Yoast SEO plugin v27.5 - https:\/\/yoast.com\/product\/yoast-seo-wordpress\/ -->\n<title>Communiqu\u00e9 de la Coalition Climat au sujet du dernier rapport du GIEC - APNU<\/title>\n<meta name=\"robots\" content=\"index, follow, max-snippet:-1, max-image-preview:large, max-video-preview:-1\" \/>\n<link rel=\"canonical\" href=\"https:\/\/apnu.be\/index.php\/2022\/03\/01\/communique-de-la-coalition-climat-au-sujet-du-dernier-rapport-du-giec\/\" \/>\n<meta property=\"og:locale\" content=\"fr_FR\" \/>\n<meta property=\"og:type\" content=\"article\" \/>\n<meta property=\"og:title\" content=\"Communiqu\u00e9 de la Coalition Climat au sujet du dernier rapport du GIEC - APNU\" \/>\n<meta property=\"og:description\" content=\"A l&#039;occasion de la sortie le 28 f\u00e9vrier 2022 du dernier rapport du GIEC, la Coalition Climat qui rassemble plus de 80 ONG belges, dont l&#039;APNU, a publi\u00e9 un communiqu\u00e9.\" \/>\n<meta property=\"og:url\" content=\"https:\/\/apnu.be\/index.php\/2022\/03\/01\/communique-de-la-coalition-climat-au-sujet-du-dernier-rapport-du-giec\/\" \/>\n<meta property=\"og:site_name\" content=\"APNU\" \/>\n<meta property=\"article:published_time\" content=\"2022-03-01T22:15:44+00:00\" \/>\n<meta property=\"article:modified_time\" content=\"2025-11-11T09:21:36+00:00\" \/>\n<meta property=\"og:image\" content=\"https:\/\/apnu.be\/wp-content\/uploads\/2022\/03\/thumbnail_thumbnail_WGII_AR6_PRmessages2-e1646302445381.jpeg\" \/>\n\t<meta property=\"og:image:width\" content=\"500\" \/>\n\t<meta property=\"og:image:height\" content=\"250\" \/>\n\t<meta property=\"og:image:type\" content=\"image\/jpeg\" \/>\n<meta name=\"author\" content=\"admin\" \/>\n<meta name=\"twitter:card\" content=\"summary_large_image\" \/>\n<meta name=\"twitter:label1\" content=\"\u00c9crit par\" \/>\n\t<meta name=\"twitter:data1\" content=\"admin\" \/>\n\t<meta name=\"twitter:label2\" content=\"Dur\u00e9e de lecture estim\u00e9e\" \/>\n\t<meta name=\"twitter:data2\" content=\"3 minutes\" \/>\n<script type=\"application\/ld+json\" class=\"yoast-schema-graph\">{\"@context\":\"https:\\\/\\\/schema.org\",\"@graph\":[{\"@type\":\"Article\",\"@id\":\"https:\\\/\\\/apnu.be\\\/index.php\\\/2022\\\/03\\\/01\\\/communique-de-la-coalition-climat-au-sujet-du-dernier-rapport-du-giec\\\/#article\",\"isPartOf\":{\"@id\":\"https:\\\/\\\/apnu.be\\\/index.php\\\/2022\\\/03\\\/01\\\/communique-de-la-coalition-climat-au-sujet-du-dernier-rapport-du-giec\\\/\"},\"author\":{\"name\":\"admin\",\"@id\":\"https:\\\/\\\/apnu.be\\\/#\\\/schema\\\/person\\\/b1f84938ddb401b1df0d87b68855f7cc\"},\"headline\":\"Communiqu\u00e9 de la Coalition Climat au sujet du dernier rapport du GIEC\",\"datePublished\":\"2022-03-01T22:15:44+00:00\",\"dateModified\":\"2025-11-11T09:21:36+00:00\",\"mainEntityOfPage\":{\"@id\":\"https:\\\/\\\/apnu.be\\\/index.php\\\/2022\\\/03\\\/01\\\/communique-de-la-coalition-climat-au-sujet-du-dernier-rapport-du-giec\\\/\"},\"wordCount\":548,\"commentCount\":0,\"image\":{\"@id\":\"https:\\\/\\\/apnu.be\\\/index.php\\\/2022\\\/03\\\/01\\\/communique-de-la-coalition-climat-au-sujet-du-dernier-rapport-du-giec\\\/#primaryimage\"},\"thumbnailUrl\":\"https:\\\/\\\/apnu.be\\\/wp-content\\\/uploads\\\/2022\\\/03\\\/thumbnail_thumbnail_WGII_AR6_PRmessages2-e1646302445381.jpeg\",\"articleSection\":[\"Articles\"],\"inLanguage\":\"fr-FR\",\"potentialAction\":[{\"@type\":\"CommentAction\",\"name\":\"Comment\",\"target\":[\"https:\\\/\\\/apnu.be\\\/index.php\\\/2022\\\/03\\\/01\\\/communique-de-la-coalition-climat-au-sujet-du-dernier-rapport-du-giec\\\/#respond\"]}]},{\"@type\":\"WebPage\",\"@id\":\"https:\\\/\\\/apnu.be\\\/index.php\\\/2022\\\/03\\\/01\\\/communique-de-la-coalition-climat-au-sujet-du-dernier-rapport-du-giec\\\/\",\"url\":\"https:\\\/\\\/apnu.be\\\/index.php\\\/2022\\\/03\\\/01\\\/communique-de-la-coalition-climat-au-sujet-du-dernier-rapport-du-giec\\\/\",\"name\":\"Communiqu\u00e9 de la Coalition Climat au sujet du dernier rapport du GIEC - APNU\",\"isPartOf\":{\"@id\":\"https:\\\/\\\/apnu.be\\\/#website\"},\"primaryImageOfPage\":{\"@id\":\"https:\\\/\\\/apnu.be\\\/index.php\\\/2022\\\/03\\\/01\\\/communique-de-la-coalition-climat-au-sujet-du-dernier-rapport-du-giec\\\/#primaryimage\"},\"image\":{\"@id\":\"https:\\\/\\\/apnu.be\\\/index.php\\\/2022\\\/03\\\/01\\\/communique-de-la-coalition-climat-au-sujet-du-dernier-rapport-du-giec\\\/#primaryimage\"},\"thumbnailUrl\":\"https:\\\/\\\/apnu.be\\\/wp-content\\\/uploads\\\/2022\\\/03\\\/thumbnail_thumbnail_WGII_AR6_PRmessages2-e1646302445381.jpeg\",\"datePublished\":\"2022-03-01T22:15:44+00:00\",\"dateModified\":\"2025-11-11T09:21:36+00:00\",\"author\":{\"@id\":\"https:\\\/\\\/apnu.be\\\/#\\\/schema\\\/person\\\/b1f84938ddb401b1df0d87b68855f7cc\"},\"breadcrumb\":{\"@id\":\"https:\\\/\\\/apnu.be\\\/index.php\\\/2022\\\/03\\\/01\\\/communique-de-la-coalition-climat-au-sujet-du-dernier-rapport-du-giec\\\/#breadcrumb\"},\"inLanguage\":\"fr-FR\",\"potentialAction\":[{\"@type\":\"ReadAction\",\"target\":[\"https:\\\/\\\/apnu.be\\\/index.php\\\/2022\\\/03\\\/01\\\/communique-de-la-coalition-climat-au-sujet-du-dernier-rapport-du-giec\\\/\"]}]},{\"@type\":\"ImageObject\",\"inLanguage\":\"fr-FR\",\"@id\":\"https:\\\/\\\/apnu.be\\\/index.php\\\/2022\\\/03\\\/01\\\/communique-de-la-coalition-climat-au-sujet-du-dernier-rapport-du-giec\\\/#primaryimage\",\"url\":\"https:\\\/\\\/apnu.be\\\/wp-content\\\/uploads\\\/2022\\\/03\\\/thumbnail_thumbnail_WGII_AR6_PRmessages2-e1646302445381.jpeg\",\"contentUrl\":\"https:\\\/\\\/apnu.be\\\/wp-content\\\/uploads\\\/2022\\\/03\\\/thumbnail_thumbnail_WGII_AR6_PRmessages2-e1646302445381.jpeg\",\"width\":500,\"height\":250,\"caption\":\"Rapport GIEC climat affiche\"},{\"@type\":\"BreadcrumbList\",\"@id\":\"https:\\\/\\\/apnu.be\\\/index.php\\\/2022\\\/03\\\/01\\\/communique-de-la-coalition-climat-au-sujet-du-dernier-rapport-du-giec\\\/#breadcrumb\",\"itemListElement\":[{\"@type\":\"ListItem\",\"position\":1,\"name\":\"Accueil\",\"item\":\"https:\\\/\\\/apnu.be\\\/\"},{\"@type\":\"ListItem\",\"position\":2,\"name\":\"Communiqu\u00e9 de la Coalition Climat au sujet du dernier rapport du GIEC\"}]},{\"@type\":\"WebSite\",\"@id\":\"https:\\\/\\\/apnu.be\\\/#website\",\"url\":\"https:\\\/\\\/apnu.be\\\/\",\"name\":\"APNU\",\"description\":\"L\u2019Association pour les Nations Unies (A.P.N.U.). Association sans but lucratif (A.S.B.L.)\",\"potentialAction\":[{\"@type\":\"SearchAction\",\"target\":{\"@type\":\"EntryPoint\",\"urlTemplate\":\"https:\\\/\\\/apnu.be\\\/?s={search_term_string}\"},\"query-input\":{\"@type\":\"PropertyValueSpecification\",\"valueRequired\":true,\"valueName\":\"search_term_string\"}}],\"inLanguage\":\"fr-FR\"},{\"@type\":\"Person\",\"@id\":\"https:\\\/\\\/apnu.be\\\/#\\\/schema\\\/person\\\/b1f84938ddb401b1df0d87b68855f7cc\",\"name\":\"admin\",\"image\":{\"@type\":\"ImageObject\",\"inLanguage\":\"fr-FR\",\"@id\":\"https:\\\/\\\/secure.gravatar.com\\\/avatar\\\/e89e9f208d845f01122de42fcf3a35cf929bcb0deb840a867065b8f580c96a66?s=96&d=mm&r=g\",\"url\":\"https:\\\/\\\/secure.gravatar.com\\\/avatar\\\/e89e9f208d845f01122de42fcf3a35cf929bcb0deb840a867065b8f580c96a66?s=96&d=mm&r=g\",\"contentUrl\":\"https:\\\/\\\/secure.gravatar.com\\\/avatar\\\/e89e9f208d845f01122de42fcf3a35cf929bcb0deb840a867065b8f580c96a66?s=96&d=mm&r=g\",\"caption\":\"admin\"},\"url\":\"https:\\\/\\\/apnu.be\\\/index.php\\\/author\\\/admin\\\/\"}]}<\/script>\n<!-- \/ Yoast SEO plugin. -->","yoast_head_json":{"title":"Communiqu\u00e9 de la Coalition Climat au sujet du dernier rapport du GIEC - APNU","robots":{"index":"index","follow":"follow","max-snippet":"max-snippet:-1","max-image-preview":"max-image-preview:large","max-video-preview":"max-video-preview:-1"},"canonical":"https:\/\/apnu.be\/index.php\/2022\/03\/01\/communique-de-la-coalition-climat-au-sujet-du-dernier-rapport-du-giec\/","og_locale":"fr_FR","og_type":"article","og_title":"Communiqu\u00e9 de la Coalition Climat au sujet du dernier rapport du GIEC - APNU","og_description":"A l'occasion de la sortie le 28 f\u00e9vrier 2022 du dernier rapport du GIEC, la Coalition Climat qui rassemble plus de 80 ONG belges, dont l'APNU, a publi\u00e9 un communiqu\u00e9.","og_url":"https:\/\/apnu.be\/index.php\/2022\/03\/01\/communique-de-la-coalition-climat-au-sujet-du-dernier-rapport-du-giec\/","og_site_name":"APNU","article_published_time":"2022-03-01T22:15:44+00:00","article_modified_time":"2025-11-11T09:21:36+00:00","og_image":[{"width":500,"height":250,"url":"https:\/\/apnu.be\/wp-content\/uploads\/2022\/03\/thumbnail_thumbnail_WGII_AR6_PRmessages2-e1646302445381.jpeg","type":"image\/jpeg"}],"author":"admin","twitter_card":"summary_large_image","twitter_misc":{"\u00c9crit par":"admin","Dur\u00e9e de lecture estim\u00e9e":"3 minutes"},"schema":{"@context":"https:\/\/schema.org","@graph":[{"@type":"Article","@id":"https:\/\/apnu.be\/index.php\/2022\/03\/01\/communique-de-la-coalition-climat-au-sujet-du-dernier-rapport-du-giec\/#article","isPartOf":{"@id":"https:\/\/apnu.be\/index.php\/2022\/03\/01\/communique-de-la-coalition-climat-au-sujet-du-dernier-rapport-du-giec\/"},"author":{"name":"admin","@id":"https:\/\/apnu.be\/#\/schema\/person\/b1f84938ddb401b1df0d87b68855f7cc"},"headline":"Communiqu\u00e9 de la Coalition Climat au sujet du dernier rapport du GIEC","datePublished":"2022-03-01T22:15:44+00:00","dateModified":"2025-11-11T09:21:36+00:00","mainEntityOfPage":{"@id":"https:\/\/apnu.be\/index.php\/2022\/03\/01\/communique-de-la-coalition-climat-au-sujet-du-dernier-rapport-du-giec\/"},"wordCount":548,"commentCount":0,"image":{"@id":"https:\/\/apnu.be\/index.php\/2022\/03\/01\/communique-de-la-coalition-climat-au-sujet-du-dernier-rapport-du-giec\/#primaryimage"},"thumbnailUrl":"https:\/\/apnu.be\/wp-content\/uploads\/2022\/03\/thumbnail_thumbnail_WGII_AR6_PRmessages2-e1646302445381.jpeg","articleSection":["Articles"],"inLanguage":"fr-FR","potentialAction":[{"@type":"CommentAction","name":"Comment","target":["https:\/\/apnu.be\/index.php\/2022\/03\/01\/communique-de-la-coalition-climat-au-sujet-du-dernier-rapport-du-giec\/#respond"]}]},{"@type":"WebPage","@id":"https:\/\/apnu.be\/index.php\/2022\/03\/01\/communique-de-la-coalition-climat-au-sujet-du-dernier-rapport-du-giec\/","url":"https:\/\/apnu.be\/index.php\/2022\/03\/01\/communique-de-la-coalition-climat-au-sujet-du-dernier-rapport-du-giec\/","name":"Communiqu\u00e9 de la Coalition Climat au sujet du dernier rapport du GIEC - APNU","isPartOf":{"@id":"https:\/\/apnu.be\/#website"},"primaryImageOfPage":{"@id":"https:\/\/apnu.be\/index.php\/2022\/03\/01\/communique-de-la-coalition-climat-au-sujet-du-dernier-rapport-du-giec\/#primaryimage"},"image":{"@id":"https:\/\/apnu.be\/index.php\/2022\/03\/01\/communique-de-la-coalition-climat-au-sujet-du-dernier-rapport-du-giec\/#primaryimage"},"thumbnailUrl":"https:\/\/apnu.be\/wp-content\/uploads\/2022\/03\/thumbnail_thumbnail_WGII_AR6_PRmessages2-e1646302445381.jpeg","datePublished":"2022-03-01T22:15:44+00:00","dateModified":"2025-11-11T09:21:36+00:00","author":{"@id":"https:\/\/apnu.be\/#\/schema\/person\/b1f84938ddb401b1df0d87b68855f7cc"},"breadcrumb":{"@id":"https:\/\/apnu.be\/index.php\/2022\/03\/01\/communique-de-la-coalition-climat-au-sujet-du-dernier-rapport-du-giec\/#breadcrumb"},"inLanguage":"fr-FR","potentialAction":[{"@type":"ReadAction","target":["https:\/\/apnu.be\/index.php\/2022\/03\/01\/communique-de-la-coalition-climat-au-sujet-du-dernier-rapport-du-giec\/"]}]},{"@type":"ImageObject","inLanguage":"fr-FR","@id":"https:\/\/apnu.be\/index.php\/2022\/03\/01\/communique-de-la-coalition-climat-au-sujet-du-dernier-rapport-du-giec\/#primaryimage","url":"https:\/\/apnu.be\/wp-content\/uploads\/2022\/03\/thumbnail_thumbnail_WGII_AR6_PRmessages2-e1646302445381.jpeg","contentUrl":"https:\/\/apnu.be\/wp-content\/uploads\/2022\/03\/thumbnail_thumbnail_WGII_AR6_PRmessages2-e1646302445381.jpeg","width":500,"height":250,"caption":"Rapport GIEC climat affiche"},{"@type":"BreadcrumbList","@id":"https:\/\/apnu.be\/index.php\/2022\/03\/01\/communique-de-la-coalition-climat-au-sujet-du-dernier-rapport-du-giec\/#breadcrumb","itemListElement":[{"@type":"ListItem","position":1,"name":"Accueil","item":"https:\/\/apnu.be\/"},{"@type":"ListItem","position":2,"name":"Communiqu\u00e9 de la Coalition Climat au sujet du dernier rapport du GIEC"}]},{"@type":"WebSite","@id":"https:\/\/apnu.be\/#website","url":"https:\/\/apnu.be\/","name":"APNU","description":"L\u2019Association pour les Nations Unies (A.P.N.U.). Association sans but lucratif (A.S.B.L.)","potentialAction":[{"@type":"SearchAction","target":{"@type":"EntryPoint","urlTemplate":"https:\/\/apnu.be\/?s={search_term_string}"},"query-input":{"@type":"PropertyValueSpecification","valueRequired":true,"valueName":"search_term_string"}}],"inLanguage":"fr-FR"},{"@type":"Person","@id":"https:\/\/apnu.be\/#\/schema\/person\/b1f84938ddb401b1df0d87b68855f7cc","name":"admin","image":{"@type":"ImageObject","inLanguage":"fr-FR","@id":"https:\/\/secure.gravatar.com\/avatar\/e89e9f208d845f01122de42fcf3a35cf929bcb0deb840a867065b8f580c96a66?s=96&d=mm&r=g","url":"https:\/\/secure.gravatar.com\/avatar\/e89e9f208d845f01122de42fcf3a35cf929bcb0deb840a867065b8f580c96a66?s=96&d=mm&r=g","contentUrl":"https:\/\/secure.gravatar.com\/avatar\/e89e9f208d845f01122de42fcf3a35cf929bcb0deb840a867065b8f580c96a66?s=96&d=mm&r=g","caption":"admin"},"url":"https:\/\/apnu.be\/index.php\/author\/admin\/"}]}},"jetpack_featured_media_url":"https:\/\/apnu.be\/wp-content\/uploads\/2022\/03\/thumbnail_thumbnail_WGII_AR6_PRmessages2-e1646302445381.jpeg","jetpack_sharing_enabled":true,"_links":{"self":[{"href":"https:\/\/apnu.be\/index.php\/wp-json\/wp\/v2\/posts\/9676","targetHints":{"allow":["GET"]}}],"collection":[{"href":"https:\/\/apnu.be\/index.php\/wp-json\/wp\/v2\/posts"}],"about":[{"href":"https:\/\/apnu.be\/index.php\/wp-json\/wp\/v2\/types\/post"}],"author":[{"embeddable":true,"href":"https:\/\/apnu.be\/index.php\/wp-json\/wp\/v2\/users\/1"}],"replies":[{"embeddable":true,"href":"https:\/\/apnu.be\/index.php\/wp-json\/wp\/v2\/comments?post=9676"}],"version-history":[{"count":3,"href":"https:\/\/apnu.be\/index.php\/wp-json\/wp\/v2\/posts\/9676\/revisions"}],"predecessor-version":[{"id":9717,"href":"https:\/\/apnu.be\/index.php\/wp-json\/wp\/v2\/posts\/9676\/revisions\/9717"}],"wp:featuredmedia":[{"embeddable":true,"href":"https:\/\/apnu.be\/index.php\/wp-json\/wp\/v2\/media\/9714"}],"wp:attachment":[{"href":"https:\/\/apnu.be\/index.php\/wp-json\/wp\/v2\/media?parent=9676"}],"wp:term":[{"taxonomy":"category","embeddable":true,"href":"https:\/\/apnu.be\/index.php\/wp-json\/wp\/v2\/categories?post=9676"},{"taxonomy":"post_tag","embeddable":true,"href":"https:\/\/apnu.be\/index.php\/wp-json\/wp\/v2\/tags?post=9676"}],"curies":[{"name":"wp","href":"https:\/\/api.w.org\/{rel}","templated":true}]}}