{"id":9273,"date":"2021-09-05T17:07:11","date_gmt":"2021-09-05T15:07:11","guid":{"rendered":"https:\/\/apnu.be\/?p=9273"},"modified":"2022-03-25T12:37:52","modified_gmt":"2022-03-25T11:37:52","slug":"sommet-des-nations-unies-sur-les-systemes-alimentaires","status":"publish","type":"post","link":"https:\/\/apnu.be\/index.php\/2021\/09\/05\/sommet-des-nations-unies-sur-les-systemes-alimentaires\/","title":{"rendered":"Sommet des Nations Unies sur les syst\u00e8mes alimentaires"},"content":{"rendered":"\n<p>Le Sommet en pr\u00e9paration depuis pr\u00e8s de deux ans aura lieu le 23 septembre \u00e0 New York en marge de l&rsquo;Assembl\u00e9e g\u00e9n\u00e9rale. Il aura lieu sous une forme essentiellement virtuelle. Un pr\u00e9-sommet a eu lieu \u00e0 Rome du 26 au 28 juillet 2021. Pour plus d&rsquo;informations \u00e0 ce sujet vous pouvez lire l&rsquo;article paru dans le bulletin de l&rsquo;APNU de juillet\/aout 2021 disponible sous la rubrique publications de ce site ou vous connecter sur le site du Sommet <strong><a href=\"https:\/\/www.un.org\/fr\/food-systems-summit\">ici<\/a><\/strong> .<\/p>\n\n\n\n<p>Ce Sommet se veut un sommet du peuple avec une participation inclusive de toutes les personnes int\u00e9ress\u00e9es. Vous pouvez donc participer directement en vous inscrivant <strong><a href=\"https:\/\/www.unfoodsystems.org\/registration\/index.php\">ici<\/a><\/strong>.<\/p>\n\n\n\n<p>Par ailleurs, les organisateurs du Sommet ont lanc\u00e9 une campagne allant du 6 au 22 septembre. Il s&rsquo;agit d&rsquo;une vaste concertation pour voir comment la transformation des syst\u00e8mes alimentaires pourra contribuer \u00e0 l&rsquo;obtention de chacun des 17 objectifs de d\u00e9veloppement durable (les ODD). Voir le site ci-dessous pour plus de d\u00e9tails. Vous pouvez  aussi participer \u00e0 cette concertation en vous inscrivant <strong><a href=\"https:\/\/www.un.org\/sites\/un2.un.org\/files\/unfss_sdg_countdown_social_kit.pdf\">ici<\/a><\/strong> .<\/p>\n\n\n\n<figure class=\"wp-block-image size-large\"><a href=\"http:\/\/un.mdrtor.com\/track\/link\/key\/92854-233-2733-34-1411-57130\/signature\/09c140b31d9b207d2b18bf7ed18e89a1\/contactInfo\/Y29uSWQ9MTQxMX5%2BZW1haWw9YW5kcmVodXBpbkBnbWFpbC5jb21%2BfmVtcElkPTkyODU0fn5tb3ZpbD0tfn5zdWJJZD0yMzN%2BfmVudklkPTcxfn5saXN0SWQ9MzR%2BfnNuYXBJZD01NzEzMH5%2BbWRQYXJ0cz0xfn5tZERDU3ViamVjdD1%2Bfm1kRW1haWxNRDU9MDA4YTExNDRkZDk0NGYwNWM4NjAyOGQ4NWM4MGZhMGZ%2Bfm1kRW1haWxTSEEyNTY9MjI2YWVkZDhlNGRiMGViNWFjYWRkNDM2NDUzOWQzNGVkMWQ2ODU1ZWM0MDAxMjE4MThmZTI0YzJhYjM5N2E1Y35%2BcmVnaXN0ZXJEYXRlPTIwMjEtMDgtMjAgMTc6MjU6MDd%2Bfm1kRGVsaXZlcnlEYXRlPTIwMjEtMDktMDEgMjM6MDU6MDB%2BfmNvbl9tZDU9YzJkOGU1YzY3NWQyNTBlNzdiOTY0NjczN2RhNmRiODk%3D\/userid\/008a1144dd944f05c86028d85c80fa0f\"><img decoding=\"async\" src=\"https:\/\/ci5.googleusercontent.com\/proxy\/nAdOp9cYNTRouXJhktbAW-yILHr9iyx8-liLz_trRxOSrM78Ktpr5LYFwV7T4xIcnoooRCVnE-pfYIuVI9C8EEeQa2Uki8p6bMOBG7Y-KlUtpSfc54mhH17v3H16cG_h1SN9H-pKUqYWVpgMBIng3tcQuqbv=s0-d-e1-ft#http:\/\/static.mdirector.com\/files\/campanias\/92854\/2\/3\/3\/CAM\/images\/Summit_countdown_Horizontal.png\" alt=\"\"\/><\/a><\/figure>\n","protected":false},"excerpt":{"rendered":"<p>Le Sommet en pr\u00e9paration depuis pr\u00e8s de deux ans aura lieu le 23 septembre \u00e0&#8230;<\/p>\n","protected":false},"author":1,"featured_media":9272,"comment_status":"open","ping_status":"open","sticky":false,"template":"","format":"standard","meta":{"_jetpack_memberships_contains_paid_content":false,"footnotes":""},"categories":[118],"tags":[],"class_list":["post-9273","post","type-post","status-publish","format-standard","has-post-thumbnail","hentry","category-articles"],"yoast_head":"<!-- This site is optimized with the Yoast SEO plugin v27.5 - https:\/\/yoast.com\/product\/yoast-seo-wordpress\/ -->\n<title>Sommet des Nations Unies sur les syst\u00e8mes alimentaires - APNU<\/title>\n<meta name=\"robots\" content=\"index, follow, max-snippet:-1, max-image-preview:large, max-video-preview:-1\" \/>\n<link rel=\"canonical\" href=\"https:\/\/apnu.be\/index.php\/2021\/09\/05\/sommet-des-nations-unies-sur-les-systemes-alimentaires\/\" \/>\n<meta property=\"og:locale\" content=\"fr_FR\" \/>\n<meta property=\"og:type\" content=\"article\" \/>\n<meta property=\"og:title\" content=\"Sommet des Nations Unies sur les syst\u00e8mes alimentaires - APNU\" \/>\n<meta property=\"og:description\" content=\"Le Sommet en pr\u00e9paration depuis pr\u00e8s de deux ans aura lieu le 23 septembre \u00e0...\" \/>\n<meta property=\"og:url\" content=\"https:\/\/apnu.be\/index.php\/2021\/09\/05\/sommet-des-nations-unies-sur-les-systemes-alimentaires\/\" \/>\n<meta property=\"og:site_name\" content=\"APNU\" \/>\n<meta property=\"article:published_time\" content=\"2021-09-05T15:07:11+00:00\" \/>\n<meta property=\"article:modified_time\" content=\"2022-03-25T11:37:52+00:00\" \/>\n<meta property=\"og:image\" content=\"https:\/\/apnu.be\/wp-content\/uploads\/2021\/09\/UN-Food-systems-summit.png\" \/>\n\t<meta property=\"og:image:width\" content=\"300\" \/>\n\t<meta property=\"og:image:height\" content=\"134\" \/>\n\t<meta property=\"og:image:type\" content=\"image\/png\" \/>\n<meta name=\"author\" content=\"admin\" \/>\n<meta name=\"twitter:card\" content=\"summary_large_image\" \/>\n<meta name=\"twitter:label1\" content=\"\u00c9crit par\" \/>\n\t<meta name=\"twitter:data1\" content=\"admin\" \/>\n\t<meta name=\"twitter:label2\" content=\"Dur\u00e9e de lecture estim\u00e9e\" \/>\n\t<meta name=\"twitter:data2\" content=\"1 minute\" \/>\n<script type=\"application\/ld+json\" class=\"yoast-schema-graph\">{\"@context\":\"https:\\\/\\\/schema.org\",\"@graph\":[{\"@type\":\"Article\",\"@id\":\"https:\\\/\\\/apnu.be\\\/index.php\\\/2021\\\/09\\\/05\\\/sommet-des-nations-unies-sur-les-systemes-alimentaires\\\/#article\",\"isPartOf\":{\"@id\":\"https:\\\/\\\/apnu.be\\\/index.php\\\/2021\\\/09\\\/05\\\/sommet-des-nations-unies-sur-les-systemes-alimentaires\\\/\"},\"author\":{\"name\":\"admin\",\"@id\":\"https:\\\/\\\/apnu.be\\\/#\\\/schema\\\/person\\\/b1f84938ddb401b1df0d87b68855f7cc\"},\"headline\":\"Sommet des Nations Unies sur les syst\u00e8mes alimentaires\",\"datePublished\":\"2021-09-05T15:07:11+00:00\",\"dateModified\":\"2022-03-25T11:37:52+00:00\",\"mainEntityOfPage\":{\"@id\":\"https:\\\/\\\/apnu.be\\\/index.php\\\/2021\\\/09\\\/05\\\/sommet-des-nations-unies-sur-les-systemes-alimentaires\\\/\"},\"wordCount\":182,\"commentCount\":0,\"image\":{\"@id\":\"https:\\\/\\\/apnu.be\\\/index.php\\\/2021\\\/09\\\/05\\\/sommet-des-nations-unies-sur-les-systemes-alimentaires\\\/#primaryimage\"},\"thumbnailUrl\":\"https:\\\/\\\/apnu.be\\\/wp-content\\\/uploads\\\/2021\\\/09\\\/UN-Food-systems-summit.png\",\"articleSection\":[\"Articles\"],\"inLanguage\":\"fr-FR\",\"potentialAction\":[{\"@type\":\"CommentAction\",\"name\":\"Comment\",\"target\":[\"https:\\\/\\\/apnu.be\\\/index.php\\\/2021\\\/09\\\/05\\\/sommet-des-nations-unies-sur-les-systemes-alimentaires\\\/#respond\"]}]},{\"@type\":\"WebPage\",\"@id\":\"https:\\\/\\\/apnu.be\\\/index.php\\\/2021\\\/09\\\/05\\\/sommet-des-nations-unies-sur-les-systemes-alimentaires\\\/\",\"url\":\"https:\\\/\\\/apnu.be\\\/index.php\\\/2021\\\/09\\\/05\\\/sommet-des-nations-unies-sur-les-systemes-alimentaires\\\/\",\"name\":\"Sommet des Nations Unies sur les syst\u00e8mes alimentaires - APNU\",\"isPartOf\":{\"@id\":\"https:\\\/\\\/apnu.be\\\/#website\"},\"primaryImageOfPage\":{\"@id\":\"https:\\\/\\\/apnu.be\\\/index.php\\\/2021\\\/09\\\/05\\\/sommet-des-nations-unies-sur-les-systemes-alimentaires\\\/#primaryimage\"},\"image\":{\"@id\":\"https:\\\/\\\/apnu.be\\\/index.php\\\/2021\\\/09\\\/05\\\/sommet-des-nations-unies-sur-les-systemes-alimentaires\\\/#primaryimage\"},\"thumbnailUrl\":\"https:\\\/\\\/apnu.be\\\/wp-content\\\/uploads\\\/2021\\\/09\\\/UN-Food-systems-summit.png\",\"datePublished\":\"2021-09-05T15:07:11+00:00\",\"dateModified\":\"2022-03-25T11:37:52+00:00\",\"author\":{\"@id\":\"https:\\\/\\\/apnu.be\\\/#\\\/schema\\\/person\\\/b1f84938ddb401b1df0d87b68855f7cc\"},\"breadcrumb\":{\"@id\":\"https:\\\/\\\/apnu.be\\\/index.php\\\/2021\\\/09\\\/05\\\/sommet-des-nations-unies-sur-les-systemes-alimentaires\\\/#breadcrumb\"},\"inLanguage\":\"fr-FR\",\"potentialAction\":[{\"@type\":\"ReadAction\",\"target\":[\"https:\\\/\\\/apnu.be\\\/index.php\\\/2021\\\/09\\\/05\\\/sommet-des-nations-unies-sur-les-systemes-alimentaires\\\/\"]}]},{\"@type\":\"ImageObject\",\"inLanguage\":\"fr-FR\",\"@id\":\"https:\\\/\\\/apnu.be\\\/index.php\\\/2021\\\/09\\\/05\\\/sommet-des-nations-unies-sur-les-systemes-alimentaires\\\/#primaryimage\",\"url\":\"https:\\\/\\\/apnu.be\\\/wp-content\\\/uploads\\\/2021\\\/09\\\/UN-Food-systems-summit.png\",\"contentUrl\":\"https:\\\/\\\/apnu.be\\\/wp-content\\\/uploads\\\/2021\\\/09\\\/UN-Food-systems-summit.png\",\"width\":300,\"height\":134},{\"@type\":\"BreadcrumbList\",\"@id\":\"https:\\\/\\\/apnu.be\\\/index.php\\\/2021\\\/09\\\/05\\\/sommet-des-nations-unies-sur-les-systemes-alimentaires\\\/#breadcrumb\",\"itemListElement\":[{\"@type\":\"ListItem\",\"position\":1,\"name\":\"Accueil\",\"item\":\"https:\\\/\\\/apnu.be\\\/\"},{\"@type\":\"ListItem\",\"position\":2,\"name\":\"Sommet des Nations Unies sur les syst\u00e8mes alimentaires\"}]},{\"@type\":\"WebSite\",\"@id\":\"https:\\\/\\\/apnu.be\\\/#website\",\"url\":\"https:\\\/\\\/apnu.be\\\/\",\"name\":\"APNU\",\"description\":\"L\u2019Association pour les Nations Unies (A.P.N.U.). Association sans but lucratif (A.S.B.L.)\",\"potentialAction\":[{\"@type\":\"SearchAction\",\"target\":{\"@type\":\"EntryPoint\",\"urlTemplate\":\"https:\\\/\\\/apnu.be\\\/?s={search_term_string}\"},\"query-input\":{\"@type\":\"PropertyValueSpecification\",\"valueRequired\":true,\"valueName\":\"search_term_string\"}}],\"inLanguage\":\"fr-FR\"},{\"@type\":\"Person\",\"@id\":\"https:\\\/\\\/apnu.be\\\/#\\\/schema\\\/person\\\/b1f84938ddb401b1df0d87b68855f7cc\",\"name\":\"admin\",\"image\":{\"@type\":\"ImageObject\",\"inLanguage\":\"fr-FR\",\"@id\":\"https:\\\/\\\/secure.gravatar.com\\\/avatar\\\/e89e9f208d845f01122de42fcf3a35cf929bcb0deb840a867065b8f580c96a66?s=96&d=mm&r=g\",\"url\":\"https:\\\/\\\/secure.gravatar.com\\\/avatar\\\/e89e9f208d845f01122de42fcf3a35cf929bcb0deb840a867065b8f580c96a66?s=96&d=mm&r=g\",\"contentUrl\":\"https:\\\/\\\/secure.gravatar.com\\\/avatar\\\/e89e9f208d845f01122de42fcf3a35cf929bcb0deb840a867065b8f580c96a66?s=96&d=mm&r=g\",\"caption\":\"admin\"},\"url\":\"https:\\\/\\\/apnu.be\\\/index.php\\\/author\\\/admin\\\/\"}]}<\/script>\n<!-- \/ Yoast SEO plugin. -->","yoast_head_json":{"title":"Sommet des Nations Unies sur les syst\u00e8mes alimentaires - APNU","robots":{"index":"index","follow":"follow","max-snippet":"max-snippet:-1","max-image-preview":"max-image-preview:large","max-video-preview":"max-video-preview:-1"},"canonical":"https:\/\/apnu.be\/index.php\/2021\/09\/05\/sommet-des-nations-unies-sur-les-systemes-alimentaires\/","og_locale":"fr_FR","og_type":"article","og_title":"Sommet des Nations Unies sur les syst\u00e8mes alimentaires - APNU","og_description":"Le Sommet en pr\u00e9paration depuis pr\u00e8s de deux ans aura lieu le 23 septembre \u00e0...","og_url":"https:\/\/apnu.be\/index.php\/2021\/09\/05\/sommet-des-nations-unies-sur-les-systemes-alimentaires\/","og_site_name":"APNU","article_published_time":"2021-09-05T15:07:11+00:00","article_modified_time":"2022-03-25T11:37:52+00:00","og_image":[{"width":300,"height":134,"url":"https:\/\/apnu.be\/wp-content\/uploads\/2021\/09\/UN-Food-systems-summit.png","type":"image\/png"}],"author":"admin","twitter_card":"summary_large_image","twitter_misc":{"\u00c9crit par":"admin","Dur\u00e9e de lecture estim\u00e9e":"1 minute"},"schema":{"@context":"https:\/\/schema.org","@graph":[{"@type":"Article","@id":"https:\/\/apnu.be\/index.php\/2021\/09\/05\/sommet-des-nations-unies-sur-les-systemes-alimentaires\/#article","isPartOf":{"@id":"https:\/\/apnu.be\/index.php\/2021\/09\/05\/sommet-des-nations-unies-sur-les-systemes-alimentaires\/"},"author":{"name":"admin","@id":"https:\/\/apnu.be\/#\/schema\/person\/b1f84938ddb401b1df0d87b68855f7cc"},"headline":"Sommet des Nations Unies sur les syst\u00e8mes alimentaires","datePublished":"2021-09-05T15:07:11+00:00","dateModified":"2022-03-25T11:37:52+00:00","mainEntityOfPage":{"@id":"https:\/\/apnu.be\/index.php\/2021\/09\/05\/sommet-des-nations-unies-sur-les-systemes-alimentaires\/"},"wordCount":182,"commentCount":0,"image":{"@id":"https:\/\/apnu.be\/index.php\/2021\/09\/05\/sommet-des-nations-unies-sur-les-systemes-alimentaires\/#primaryimage"},"thumbnailUrl":"https:\/\/apnu.be\/wp-content\/uploads\/2021\/09\/UN-Food-systems-summit.png","articleSection":["Articles"],"inLanguage":"fr-FR","potentialAction":[{"@type":"CommentAction","name":"Comment","target":["https:\/\/apnu.be\/index.php\/2021\/09\/05\/sommet-des-nations-unies-sur-les-systemes-alimentaires\/#respond"]}]},{"@type":"WebPage","@id":"https:\/\/apnu.be\/index.php\/2021\/09\/05\/sommet-des-nations-unies-sur-les-systemes-alimentaires\/","url":"https:\/\/apnu.be\/index.php\/2021\/09\/05\/sommet-des-nations-unies-sur-les-systemes-alimentaires\/","name":"Sommet des Nations Unies sur les syst\u00e8mes alimentaires - APNU","isPartOf":{"@id":"https:\/\/apnu.be\/#website"},"primaryImageOfPage":{"@id":"https:\/\/apnu.be\/index.php\/2021\/09\/05\/sommet-des-nations-unies-sur-les-systemes-alimentaires\/#primaryimage"},"image":{"@id":"https:\/\/apnu.be\/index.php\/2021\/09\/05\/sommet-des-nations-unies-sur-les-systemes-alimentaires\/#primaryimage"},"thumbnailUrl":"https:\/\/apnu.be\/wp-content\/uploads\/2021\/09\/UN-Food-systems-summit.png","datePublished":"2021-09-05T15:07:11+00:00","dateModified":"2022-03-25T11:37:52+00:00","author":{"@id":"https:\/\/apnu.be\/#\/schema\/person\/b1f84938ddb401b1df0d87b68855f7cc"},"breadcrumb":{"@id":"https:\/\/apnu.be\/index.php\/2021\/09\/05\/sommet-des-nations-unies-sur-les-systemes-alimentaires\/#breadcrumb"},"inLanguage":"fr-FR","potentialAction":[{"@type":"ReadAction","target":["https:\/\/apnu.be\/index.php\/2021\/09\/05\/sommet-des-nations-unies-sur-les-systemes-alimentaires\/"]}]},{"@type":"ImageObject","inLanguage":"fr-FR","@id":"https:\/\/apnu.be\/index.php\/2021\/09\/05\/sommet-des-nations-unies-sur-les-systemes-alimentaires\/#primaryimage","url":"https:\/\/apnu.be\/wp-content\/uploads\/2021\/09\/UN-Food-systems-summit.png","contentUrl":"https:\/\/apnu.be\/wp-content\/uploads\/2021\/09\/UN-Food-systems-summit.png","width":300,"height":134},{"@type":"BreadcrumbList","@id":"https:\/\/apnu.be\/index.php\/2021\/09\/05\/sommet-des-nations-unies-sur-les-systemes-alimentaires\/#breadcrumb","itemListElement":[{"@type":"ListItem","position":1,"name":"Accueil","item":"https:\/\/apnu.be\/"},{"@type":"ListItem","position":2,"name":"Sommet des Nations Unies sur les syst\u00e8mes alimentaires"}]},{"@type":"WebSite","@id":"https:\/\/apnu.be\/#website","url":"https:\/\/apnu.be\/","name":"APNU","description":"L\u2019Association pour les Nations Unies (A.P.N.U.). Association sans but lucratif (A.S.B.L.)","potentialAction":[{"@type":"SearchAction","target":{"@type":"EntryPoint","urlTemplate":"https:\/\/apnu.be\/?s={search_term_string}"},"query-input":{"@type":"PropertyValueSpecification","valueRequired":true,"valueName":"search_term_string"}}],"inLanguage":"fr-FR"},{"@type":"Person","@id":"https:\/\/apnu.be\/#\/schema\/person\/b1f84938ddb401b1df0d87b68855f7cc","name":"admin","image":{"@type":"ImageObject","inLanguage":"fr-FR","@id":"https:\/\/secure.gravatar.com\/avatar\/e89e9f208d845f01122de42fcf3a35cf929bcb0deb840a867065b8f580c96a66?s=96&d=mm&r=g","url":"https:\/\/secure.gravatar.com\/avatar\/e89e9f208d845f01122de42fcf3a35cf929bcb0deb840a867065b8f580c96a66?s=96&d=mm&r=g","contentUrl":"https:\/\/secure.gravatar.com\/avatar\/e89e9f208d845f01122de42fcf3a35cf929bcb0deb840a867065b8f580c96a66?s=96&d=mm&r=g","caption":"admin"},"url":"https:\/\/apnu.be\/index.php\/author\/admin\/"}]}},"jetpack_featured_media_url":"https:\/\/apnu.be\/wp-content\/uploads\/2021\/09\/UN-Food-systems-summit.png","jetpack_sharing_enabled":true,"_links":{"self":[{"href":"https:\/\/apnu.be\/index.php\/wp-json\/wp\/v2\/posts\/9273","targetHints":{"allow":["GET"]}}],"collection":[{"href":"https:\/\/apnu.be\/index.php\/wp-json\/wp\/v2\/posts"}],"about":[{"href":"https:\/\/apnu.be\/index.php\/wp-json\/wp\/v2\/types\/post"}],"author":[{"embeddable":true,"href":"https:\/\/apnu.be\/index.php\/wp-json\/wp\/v2\/users\/1"}],"replies":[{"embeddable":true,"href":"https:\/\/apnu.be\/index.php\/wp-json\/wp\/v2\/comments?post=9273"}],"version-history":[{"count":1,"href":"https:\/\/apnu.be\/index.php\/wp-json\/wp\/v2\/posts\/9273\/revisions"}],"predecessor-version":[{"id":9274,"href":"https:\/\/apnu.be\/index.php\/wp-json\/wp\/v2\/posts\/9273\/revisions\/9274"}],"wp:featuredmedia":[{"embeddable":true,"href":"https:\/\/apnu.be\/index.php\/wp-json\/wp\/v2\/media\/9272"}],"wp:attachment":[{"href":"https:\/\/apnu.be\/index.php\/wp-json\/wp\/v2\/media?parent=9273"}],"wp:term":[{"taxonomy":"category","embeddable":true,"href":"https:\/\/apnu.be\/index.php\/wp-json\/wp\/v2\/categories?post=9273"},{"taxonomy":"post_tag","embeddable":true,"href":"https:\/\/apnu.be\/index.php\/wp-json\/wp\/v2\/tags?post=9273"}],"curies":[{"name":"wp","href":"https:\/\/api.w.org\/{rel}","templated":true}]}}