{"id":9194,"date":"2021-02-22T09:44:22","date_gmt":"2021-02-22T08:44:22","guid":{"rendered":"https:\/\/apnu.be\/?p=9194"},"modified":"2022-03-25T12:39:02","modified_gmt":"2022-03-25T11:39:02","slug":"lunion-europeenne-et-le-multilateralisme","status":"publish","type":"post","link":"https:\/\/apnu.be\/index.php\/2021\/02\/22\/lunion-europeenne-et-le-multilateralisme\/","title":{"rendered":"L&rsquo;Union europ\u00e9enne et le multilat\u00e9ralisme"},"content":{"rendered":"\n<p>La Commission et le haut repr\u00e9sentant de l&rsquo;Union pour les affaires \u00e9trang\u00e8res invitent le Parlement europ\u00e9en et le Conseil \u00e0 approuver leur proposition de strat\u00e9gie pour renouveler le multilat\u00e9ralisme.<\/p>\n\n\n\n<p>La Commission et le haut repr\u00e9sentant ont pr\u00e9sent\u00e9 ce 17 f\u00e9vrier une communication conjointe exposant les attentes et les ambitions de l&rsquo;UE pour le syst\u00e8me multilat\u00e9ral. La proposition pr\u00e9sent\u00e9e aujourd&rsquo;hui sugg\u00e8re d&rsquo;utiliser tous les instruments dont dispose l&rsquo;UE, notamment son soutien politique, diplomatique et financier \u00e9tendu pour promouvoir la paix et la s\u00e9curit\u00e9 dans le monde, d\u00e9fendre les droits de l&rsquo;homme et le droit international et favoriser la recherche de solutions multilat\u00e9rales pour relever les d\u00e9fis mondiaux.<\/p>\n\n\n\n<p>Josep&nbsp;<strong>Borrell<\/strong>, haut repr\u00e9sentant de l&rsquo;Union pour les affaires \u00e9trang\u00e8res et la politique de s\u00e9curit\u00e9 et vice-pr\u00e9sident pour une Europe plus forte sur la sc\u00e8ne internationale, s&rsquo;est exprim\u00e9 dans les termes suivants: \u00ab<em>Le multilat\u00e9ralisme est important parce qu&rsquo;il fonctionne. Mais nous ne pouvons pas \u00eatre&nbsp;\u2018multilat\u00e9ralistes&rsquo; tout seuls. \u00c0 l&rsquo;heure o\u00f9 le scepticisme gagne du terrain, nous devons d\u00e9montrer l&rsquo;int\u00e9r\u00eat et la pertinence du syst\u00e8me multilat\u00e9ral. Nous \u00e9tablirons des partenariats plus forts, plus diversifi\u00e9s et plus inclusifs pour guider sa modernisation et \u00e9laborer des r\u00e9ponses mondiales aux d\u00e9fis du 21<sup>e<\/sup>&nbsp;si\u00e8cle, dont certains menacent l&rsquo;existence m\u00eame de l&rsquo;humanit\u00e9.<\/em>\u00bb<\/p>\n\n\n\n<p>La commissaire charg\u00e9e des partenariats internationaux, Jutta&nbsp;<strong>Urpilainen<\/strong>, a d\u00e9clar\u00e9 ce qui suit: \u00ab<em>L&rsquo;UE est et restera le meilleur alli\u00e9 du multilat\u00e9ralisme et de ses institutions. Toutefois, l&rsquo;environnement mondial plus complexe nous pousse \u00e0 faire preuve d&rsquo;une plus grande unit\u00e9, \u00e0 \u00eatre plus coh\u00e9rents et s\u00e9lectifs et \u00e0 mieux tirer parti de notre force collective dans le cadre de l&rsquo;\u00e9quipe d&rsquo;Europe. Cette nouvelle strat\u00e9gie expose notre ambition en mati\u00e8re de multilat\u00e9ralisme inclusif ainsi que notre ferme volont\u00e9 de le renouveler et elle sera \u00e9tay\u00e9e par des actions sp\u00e9cifiques.\u00bb<\/em><\/p>\n\n\n\n<p><strong>D\u00e9finir et d\u00e9fendre les priorit\u00e9s et les valeurs de l&rsquo;UE au sein du syst\u00e8me multilat\u00e9ral<\/strong><\/p>\n\n\n\n<p>Les d\u00e9fis du 21<sup>e<\/sup>&nbsp;si\u00e8cle n\u00e9cessitent une gouvernance multilat\u00e9rale accrue, et non r\u00e9duite, ainsi qu&rsquo;une coop\u00e9ration internationale fond\u00e9e sur des r\u00e8gles. L&rsquo;UE a \u00e9tabli des priorit\u00e9s strat\u00e9giques claires dans des domaines qu&rsquo;aucun pays ne peut g\u00e9rer seul, \u00e0 savoir la paix et la s\u00e9curit\u00e9, les droits de l&rsquo;homme et l&rsquo;\u00e9tat de droit, le d\u00e9veloppement durable, la sant\u00e9 publique ou le climat. Elle doit maintenant faire progresser ces priorit\u00e9s \u00e0 l&rsquo;\u00e9chelon multilat\u00e9ral dans le cadre d&rsquo;une approche strat\u00e9gique pour garantir un monde plus s\u00fbr et une reprise mondiale durable et inclusive.<\/p>\n\n\n\n<p>L&rsquo;UE doit intensifier son r\u00f4le de chef de file et \u00eatre \u00abunie dans l&rsquo;action\u00bb pour \u00eatre \u00abunie dans la r\u00e9ussite\u00bb. Pour ce faire, elle doit proposer des m\u00e9canismes de coordination plus efficaces pour les priorit\u00e9s communes et faire un meilleur usage de sa puissance collective, notamment en s&rsquo;appuyant sur l&rsquo;approche de l&rsquo;\u00e9quipe d&rsquo;Europe. Ses forces d\u00e9mocratiques et r\u00e9glementaires uniques sont autant d&rsquo;atouts pour contribuer \u00e0 \u00e9difier un monde meilleur, tandis que ses structures en mati\u00e8re de s\u00e9curit\u00e9 et de d\u00e9fense soutiennent les efforts internationaux visant \u00e0 maintenir, \u00e0 soutenir et \u00e0 instaurer la paix et la s\u00e9curit\u00e9.<\/p>\n\n\n\n<p><strong>Moderniser le syst\u00e8me multilat\u00e9ral<\/strong><\/p>\n\n\n\n<p>Pour faire en sorte que le syst\u00e8me multilat\u00e9ral mondial soit \u00abadapt\u00e9 \u00e0 sa finalit\u00e9\u00bb afin de relever les d\u00e9fis actuels, l&rsquo;UE continuera de soutenir les efforts de r\u00e9forme du secr\u00e9taire g\u00e9n\u00e9ral de l&rsquo;ONU. Elle encouragera la modernisation d&rsquo;institutions cl\u00e9s comme l&rsquo;Organisation mondiale de la sant\u00e9 et l&rsquo;Organisation mondiale du commerce. Elle sera en outre \u00e0 l&rsquo;initiative de l&rsquo;\u00e9laboration de nouvelles normes mondiales et de la mise en place de plateformes de coop\u00e9ration dans des domaines tels que la fiscalit\u00e9, l&rsquo;environnement num\u00e9rique ou l&rsquo;intelligence artificielle.<\/p>\n\n\n\n<p><strong>Une Europe plus forte gr\u00e2ce au partenariat<\/strong><\/p>\n\n\n\n<p>Une nouvelle g\u00e9n\u00e9ration de partenariats est n\u00e9cessaire pour faire \u00e9voluer le paysage multilat\u00e9ral. L&rsquo;UE formera de nouvelles alliances avec des pays tiers, renforcera la coop\u00e9ration avec des organisations multilat\u00e9rales et r\u00e9gionales ainsi qu&rsquo;avec d&rsquo;autres parties prenantes, en particulier celles avec lesquelles elle partage des valeurs d\u00e9mocratiques et, avec les autres, elle recherchera un terrain d&rsquo;entente selon les domaines. Elle aidera les pays partenaires \u00e0 s&rsquo;engager plus efficacement dans le syst\u00e8me multilat\u00e9ral et assurera le suivi syst\u00e9matique des engagements bilat\u00e9raux avec ses partenaires pour contribuer \u00e0 la r\u00e9alisation d&rsquo;objectifs multilat\u00e9raux. L&rsquo;UE entend mettre en place un multilat\u00e9ralisme plus inclusif. Il est important de dialoguer \u00e9galement avec la soci\u00e9t\u00e9 civile ainsi qu&rsquo;avec le secteur priv\u00e9, les acteurs sociaux et d&rsquo;autres parties prenantes.<\/p>\n\n\n\n<p><strong>Contexte<\/strong><\/p>\n\n\n\n<p>Pour apporter une r\u00e9ponse adapt\u00e9e aux crises, aux menaces et aux d\u00e9fis mondiaux, la communaut\u00e9 internationale a besoin d&rsquo;un syst\u00e8me multilat\u00e9ral efficace, fond\u00e9 sur des r\u00e8gles et des valeurs universelles. L&rsquo;ONU restent au c\u0153ur du syst\u00e8me multilat\u00e9ral. L&rsquo;UE et ses \u00c9tats membres sont les principaux bailleurs de fonds du syst\u00e8me des Nations unies, des institutions de Bretton Woods et de nombreuses autres enceintes internationales. Ils fournissent pr\u00e8s d&rsquo;un quart du total des contributions financi\u00e8res aux fonds et programmes des Nations unies; les \u00c9tats membres de l&rsquo;UE contribuent \u00e9galement pour pr\u00e8s d&rsquo;un quart au budget ordinaire de l&rsquo;ONU. Les \u00c9tats membres de l&rsquo;UE d\u00e9tiennent plus d&rsquo;un quart des droits de vote au Fonds mon\u00e9taire international et \u00e0 la Banque mondiale, dont pr\u00e8s d&rsquo;un tiers des contributions financi\u00e8res provient de l&rsquo;UE et de ses \u00c9tats membres.<\/p>\n\n\n\n<p>L&rsquo;UE travaille en tr\u00e8s \u00e9troite coop\u00e9ration avec et au sein d&rsquo;autres organisations et entit\u00e9s, comme l&rsquo;Organisation de coop\u00e9ration et de d\u00e9veloppement \u00e9conomiques, l&rsquo;Organisation mondiale du commerce, le Conseil de l&rsquo;Europe, l&rsquo;Organisation pour la s\u00e9curit\u00e9 et la coop\u00e9ration en Europe et l&rsquo;Organisation du trait\u00e9 de l&rsquo;Atlantique Nord.<\/p>\n\n\n\n<p>Enfin, l&rsquo;UE souhaite renforcer la coop\u00e9ration avec d&rsquo;autres groupements r\u00e9gionaux et multinationaux tels que l&rsquo;Union africaine, l&rsquo;Organisation des \u00c9tats d&rsquo;Afrique, des Cara\u00efbes et du Pacifique, l&rsquo;Association des nations de l&rsquo;Asie du Sud-Est ou la Communaut\u00e9 des \u00c9tats latino-am\u00e9ricains et des Cara\u00efbes pour relever les d\u00e9fis communs et coop\u00e9rer au niveau international.<\/p>\n\n\n\n<p><strong>Pour en savoir plus<\/strong><\/p>\n\n\n\n<p><a href=\"https:\/\/eeas.europa.eu\/headquarters\/headquarters-homepage\/93295\/node\/93295\" target=\"_blank\" rel=\"noreferrer noopener\">Communication conjointe<\/a><\/p>\n\n\n\n<p><a href=\"https:\/\/ec.europa.eu\/commission\/presscorner\/detail\/fr\/fs_21_649\" target=\"_blank\" rel=\"noreferrer noopener\">Fiche d&rsquo;information sur le multilat\u00e9ralisme<\/a><\/p>\n\n\n\n<p><a href=\"https:\/\/eeas.europa.eu\/headquarters\/headquarters-homepage\/50880\/eu%E2%80%93un-partnership-delivers_en\" target=\"_blank\" rel=\"noreferrer noopener\">Union europ\u00e9enne-Nations unies: des partenaires mondiaux<\/a>&nbsp;<\/p>\n","protected":false},"excerpt":{"rendered":"<p>La Commission et le haut repr\u00e9sentant de l&rsquo;Union pour les affaires \u00e9trang\u00e8res invitent le Parlement&#8230;<\/p>\n","protected":false},"author":1,"featured_media":0,"comment_status":"open","ping_status":"open","sticky":false,"template":"","format":"standard","meta":{"_jetpack_memberships_contains_paid_content":false,"footnotes":""},"categories":[118],"tags":[],"class_list":["post-9194","post","type-post","status-publish","format-standard","hentry","category-articles"],"yoast_head":"<!-- This site is optimized with the Yoast SEO plugin v27.5 - https:\/\/yoast.com\/product\/yoast-seo-wordpress\/ -->\n<title>L&#039;Union europ\u00e9enne et le multilat\u00e9ralisme - APNU<\/title>\n<meta name=\"robots\" content=\"index, follow, max-snippet:-1, max-image-preview:large, max-video-preview:-1\" \/>\n<link rel=\"canonical\" href=\"https:\/\/apnu.be\/index.php\/2021\/02\/22\/lunion-europeenne-et-le-multilateralisme\/\" \/>\n<meta property=\"og:locale\" content=\"fr_FR\" \/>\n<meta property=\"og:type\" content=\"article\" \/>\n<meta property=\"og:title\" content=\"L&#039;Union europ\u00e9enne et le multilat\u00e9ralisme - APNU\" \/>\n<meta property=\"og:description\" content=\"La Commission et le haut repr\u00e9sentant de l&rsquo;Union pour les affaires \u00e9trang\u00e8res invitent le Parlement...\" \/>\n<meta property=\"og:url\" content=\"https:\/\/apnu.be\/index.php\/2021\/02\/22\/lunion-europeenne-et-le-multilateralisme\/\" \/>\n<meta property=\"og:site_name\" content=\"APNU\" \/>\n<meta property=\"article:published_time\" content=\"2021-02-22T08:44:22+00:00\" \/>\n<meta property=\"article:modified_time\" content=\"2022-03-25T11:39:02+00:00\" \/>\n<meta name=\"author\" content=\"admin\" \/>\n<meta name=\"twitter:card\" content=\"summary_large_image\" \/>\n<meta name=\"twitter:label1\" content=\"\u00c9crit par\" \/>\n\t<meta name=\"twitter:data1\" content=\"admin\" \/>\n\t<meta name=\"twitter:label2\" content=\"Dur\u00e9e de lecture estim\u00e9e\" \/>\n\t<meta name=\"twitter:data2\" content=\"5 minutes\" \/>\n<script type=\"application\/ld+json\" class=\"yoast-schema-graph\">{\"@context\":\"https:\\\/\\\/schema.org\",\"@graph\":[{\"@type\":\"Article\",\"@id\":\"https:\\\/\\\/apnu.be\\\/index.php\\\/2021\\\/02\\\/22\\\/lunion-europeenne-et-le-multilateralisme\\\/#article\",\"isPartOf\":{\"@id\":\"https:\\\/\\\/apnu.be\\\/index.php\\\/2021\\\/02\\\/22\\\/lunion-europeenne-et-le-multilateralisme\\\/\"},\"author\":{\"name\":\"admin\",\"@id\":\"https:\\\/\\\/apnu.be\\\/#\\\/schema\\\/person\\\/b1f84938ddb401b1df0d87b68855f7cc\"},\"headline\":\"L&rsquo;Union europ\u00e9enne et le multilat\u00e9ralisme\",\"datePublished\":\"2021-02-22T08:44:22+00:00\",\"dateModified\":\"2022-03-25T11:39:02+00:00\",\"mainEntityOfPage\":{\"@id\":\"https:\\\/\\\/apnu.be\\\/index.php\\\/2021\\\/02\\\/22\\\/lunion-europeenne-et-le-multilateralisme\\\/\"},\"wordCount\":1171,\"commentCount\":0,\"articleSection\":[\"Articles\"],\"inLanguage\":\"fr-FR\",\"potentialAction\":[{\"@type\":\"CommentAction\",\"name\":\"Comment\",\"target\":[\"https:\\\/\\\/apnu.be\\\/index.php\\\/2021\\\/02\\\/22\\\/lunion-europeenne-et-le-multilateralisme\\\/#respond\"]}]},{\"@type\":\"WebPage\",\"@id\":\"https:\\\/\\\/apnu.be\\\/index.php\\\/2021\\\/02\\\/22\\\/lunion-europeenne-et-le-multilateralisme\\\/\",\"url\":\"https:\\\/\\\/apnu.be\\\/index.php\\\/2021\\\/02\\\/22\\\/lunion-europeenne-et-le-multilateralisme\\\/\",\"name\":\"L'Union europ\u00e9enne et le multilat\u00e9ralisme - APNU\",\"isPartOf\":{\"@id\":\"https:\\\/\\\/apnu.be\\\/#website\"},\"datePublished\":\"2021-02-22T08:44:22+00:00\",\"dateModified\":\"2022-03-25T11:39:02+00:00\",\"author\":{\"@id\":\"https:\\\/\\\/apnu.be\\\/#\\\/schema\\\/person\\\/b1f84938ddb401b1df0d87b68855f7cc\"},\"breadcrumb\":{\"@id\":\"https:\\\/\\\/apnu.be\\\/index.php\\\/2021\\\/02\\\/22\\\/lunion-europeenne-et-le-multilateralisme\\\/#breadcrumb\"},\"inLanguage\":\"fr-FR\",\"potentialAction\":[{\"@type\":\"ReadAction\",\"target\":[\"https:\\\/\\\/apnu.be\\\/index.php\\\/2021\\\/02\\\/22\\\/lunion-europeenne-et-le-multilateralisme\\\/\"]}]},{\"@type\":\"BreadcrumbList\",\"@id\":\"https:\\\/\\\/apnu.be\\\/index.php\\\/2021\\\/02\\\/22\\\/lunion-europeenne-et-le-multilateralisme\\\/#breadcrumb\",\"itemListElement\":[{\"@type\":\"ListItem\",\"position\":1,\"name\":\"Accueil\",\"item\":\"https:\\\/\\\/apnu.be\\\/\"},{\"@type\":\"ListItem\",\"position\":2,\"name\":\"L&rsquo;Union europ\u00e9enne et le multilat\u00e9ralisme\"}]},{\"@type\":\"WebSite\",\"@id\":\"https:\\\/\\\/apnu.be\\\/#website\",\"url\":\"https:\\\/\\\/apnu.be\\\/\",\"name\":\"APNU\",\"description\":\"L\u2019Association pour les Nations Unies (A.P.N.U.). Association sans but lucratif (A.S.B.L.)\",\"potentialAction\":[{\"@type\":\"SearchAction\",\"target\":{\"@type\":\"EntryPoint\",\"urlTemplate\":\"https:\\\/\\\/apnu.be\\\/?s={search_term_string}\"},\"query-input\":{\"@type\":\"PropertyValueSpecification\",\"valueRequired\":true,\"valueName\":\"search_term_string\"}}],\"inLanguage\":\"fr-FR\"},{\"@type\":\"Person\",\"@id\":\"https:\\\/\\\/apnu.be\\\/#\\\/schema\\\/person\\\/b1f84938ddb401b1df0d87b68855f7cc\",\"name\":\"admin\",\"image\":{\"@type\":\"ImageObject\",\"inLanguage\":\"fr-FR\",\"@id\":\"https:\\\/\\\/secure.gravatar.com\\\/avatar\\\/e89e9f208d845f01122de42fcf3a35cf929bcb0deb840a867065b8f580c96a66?s=96&d=mm&r=g\",\"url\":\"https:\\\/\\\/secure.gravatar.com\\\/avatar\\\/e89e9f208d845f01122de42fcf3a35cf929bcb0deb840a867065b8f580c96a66?s=96&d=mm&r=g\",\"contentUrl\":\"https:\\\/\\\/secure.gravatar.com\\\/avatar\\\/e89e9f208d845f01122de42fcf3a35cf929bcb0deb840a867065b8f580c96a66?s=96&d=mm&r=g\",\"caption\":\"admin\"},\"url\":\"https:\\\/\\\/apnu.be\\\/index.php\\\/author\\\/admin\\\/\"}]}<\/script>\n<!-- \/ Yoast SEO plugin. -->","yoast_head_json":{"title":"L'Union europ\u00e9enne et le multilat\u00e9ralisme - APNU","robots":{"index":"index","follow":"follow","max-snippet":"max-snippet:-1","max-image-preview":"max-image-preview:large","max-video-preview":"max-video-preview:-1"},"canonical":"https:\/\/apnu.be\/index.php\/2021\/02\/22\/lunion-europeenne-et-le-multilateralisme\/","og_locale":"fr_FR","og_type":"article","og_title":"L'Union europ\u00e9enne et le multilat\u00e9ralisme - APNU","og_description":"La Commission et le haut repr\u00e9sentant de l&rsquo;Union pour les affaires \u00e9trang\u00e8res invitent le Parlement...","og_url":"https:\/\/apnu.be\/index.php\/2021\/02\/22\/lunion-europeenne-et-le-multilateralisme\/","og_site_name":"APNU","article_published_time":"2021-02-22T08:44:22+00:00","article_modified_time":"2022-03-25T11:39:02+00:00","author":"admin","twitter_card":"summary_large_image","twitter_misc":{"\u00c9crit par":"admin","Dur\u00e9e de lecture estim\u00e9e":"5 minutes"},"schema":{"@context":"https:\/\/schema.org","@graph":[{"@type":"Article","@id":"https:\/\/apnu.be\/index.php\/2021\/02\/22\/lunion-europeenne-et-le-multilateralisme\/#article","isPartOf":{"@id":"https:\/\/apnu.be\/index.php\/2021\/02\/22\/lunion-europeenne-et-le-multilateralisme\/"},"author":{"name":"admin","@id":"https:\/\/apnu.be\/#\/schema\/person\/b1f84938ddb401b1df0d87b68855f7cc"},"headline":"L&rsquo;Union europ\u00e9enne et le multilat\u00e9ralisme","datePublished":"2021-02-22T08:44:22+00:00","dateModified":"2022-03-25T11:39:02+00:00","mainEntityOfPage":{"@id":"https:\/\/apnu.be\/index.php\/2021\/02\/22\/lunion-europeenne-et-le-multilateralisme\/"},"wordCount":1171,"commentCount":0,"articleSection":["Articles"],"inLanguage":"fr-FR","potentialAction":[{"@type":"CommentAction","name":"Comment","target":["https:\/\/apnu.be\/index.php\/2021\/02\/22\/lunion-europeenne-et-le-multilateralisme\/#respond"]}]},{"@type":"WebPage","@id":"https:\/\/apnu.be\/index.php\/2021\/02\/22\/lunion-europeenne-et-le-multilateralisme\/","url":"https:\/\/apnu.be\/index.php\/2021\/02\/22\/lunion-europeenne-et-le-multilateralisme\/","name":"L'Union europ\u00e9enne et le multilat\u00e9ralisme - APNU","isPartOf":{"@id":"https:\/\/apnu.be\/#website"},"datePublished":"2021-02-22T08:44:22+00:00","dateModified":"2022-03-25T11:39:02+00:00","author":{"@id":"https:\/\/apnu.be\/#\/schema\/person\/b1f84938ddb401b1df0d87b68855f7cc"},"breadcrumb":{"@id":"https:\/\/apnu.be\/index.php\/2021\/02\/22\/lunion-europeenne-et-le-multilateralisme\/#breadcrumb"},"inLanguage":"fr-FR","potentialAction":[{"@type":"ReadAction","target":["https:\/\/apnu.be\/index.php\/2021\/02\/22\/lunion-europeenne-et-le-multilateralisme\/"]}]},{"@type":"BreadcrumbList","@id":"https:\/\/apnu.be\/index.php\/2021\/02\/22\/lunion-europeenne-et-le-multilateralisme\/#breadcrumb","itemListElement":[{"@type":"ListItem","position":1,"name":"Accueil","item":"https:\/\/apnu.be\/"},{"@type":"ListItem","position":2,"name":"L&rsquo;Union europ\u00e9enne et le multilat\u00e9ralisme"}]},{"@type":"WebSite","@id":"https:\/\/apnu.be\/#website","url":"https:\/\/apnu.be\/","name":"APNU","description":"L\u2019Association pour les Nations Unies (A.P.N.U.). Association sans but lucratif (A.S.B.L.)","potentialAction":[{"@type":"SearchAction","target":{"@type":"EntryPoint","urlTemplate":"https:\/\/apnu.be\/?s={search_term_string}"},"query-input":{"@type":"PropertyValueSpecification","valueRequired":true,"valueName":"search_term_string"}}],"inLanguage":"fr-FR"},{"@type":"Person","@id":"https:\/\/apnu.be\/#\/schema\/person\/b1f84938ddb401b1df0d87b68855f7cc","name":"admin","image":{"@type":"ImageObject","inLanguage":"fr-FR","@id":"https:\/\/secure.gravatar.com\/avatar\/e89e9f208d845f01122de42fcf3a35cf929bcb0deb840a867065b8f580c96a66?s=96&d=mm&r=g","url":"https:\/\/secure.gravatar.com\/avatar\/e89e9f208d845f01122de42fcf3a35cf929bcb0deb840a867065b8f580c96a66?s=96&d=mm&r=g","contentUrl":"https:\/\/secure.gravatar.com\/avatar\/e89e9f208d845f01122de42fcf3a35cf929bcb0deb840a867065b8f580c96a66?s=96&d=mm&r=g","caption":"admin"},"url":"https:\/\/apnu.be\/index.php\/author\/admin\/"}]}},"jetpack_featured_media_url":"","jetpack_sharing_enabled":true,"_links":{"self":[{"href":"https:\/\/apnu.be\/index.php\/wp-json\/wp\/v2\/posts\/9194","targetHints":{"allow":["GET"]}}],"collection":[{"href":"https:\/\/apnu.be\/index.php\/wp-json\/wp\/v2\/posts"}],"about":[{"href":"https:\/\/apnu.be\/index.php\/wp-json\/wp\/v2\/types\/post"}],"author":[{"embeddable":true,"href":"https:\/\/apnu.be\/index.php\/wp-json\/wp\/v2\/users\/1"}],"replies":[{"embeddable":true,"href":"https:\/\/apnu.be\/index.php\/wp-json\/wp\/v2\/comments?post=9194"}],"version-history":[{"count":1,"href":"https:\/\/apnu.be\/index.php\/wp-json\/wp\/v2\/posts\/9194\/revisions"}],"predecessor-version":[{"id":9195,"href":"https:\/\/apnu.be\/index.php\/wp-json\/wp\/v2\/posts\/9194\/revisions\/9195"}],"wp:attachment":[{"href":"https:\/\/apnu.be\/index.php\/wp-json\/wp\/v2\/media?parent=9194"}],"wp:term":[{"taxonomy":"category","embeddable":true,"href":"https:\/\/apnu.be\/index.php\/wp-json\/wp\/v2\/categories?post=9194"},{"taxonomy":"post_tag","embeddable":true,"href":"https:\/\/apnu.be\/index.php\/wp-json\/wp\/v2\/tags?post=9194"}],"curies":[{"name":"wp","href":"https:\/\/api.w.org\/{rel}","templated":true}]}}