{"id":9077,"date":"2020-12-12T09:20:52","date_gmt":"2020-12-12T08:20:52","guid":{"rendered":"https:\/\/apnu.be\/?p=9077"},"modified":"2021-09-19T17:06:11","modified_gmt":"2021-09-19T15:06:11","slug":"communique-de-la-coalition-climat-a-la-veille-du-sommet-virtuel-sur-le-climat-5-ans-apres-la-cop-21","status":"publish","type":"post","link":"https:\/\/apnu.be\/index.php\/2020\/12\/12\/communique-de-la-coalition-climat-a-la-veille-du-sommet-virtuel-sur-le-climat-5-ans-apres-la-cop-21\/","title":{"rendered":"Communiqu\u00e9 de la Coalition Climat \u00e0 la veille du Sommet virtuel sur le climat, 5 ans apr\u00e8s la COP 21"},"content":{"rendered":"\n<p><strong>En organisant deux semaines in\u00e9dites de mobilisation, la Coalition Climat a voulu rappeler l\u2019urgence de rehausser l\u2019ambition climatique europ\u00e9enne. C\u2019est aujourd\u2019hui chose faite : les 27 se sont accord\u00e9s sur un nouvel objectif de r\u00e9duction des gaz \u00e0 effet de serre de 55% \u00e0 l\u2019horizon 2030 (par rapport aux niveaux de 1990). Une victoire \u00e0 c\u00e9l\u00e9brer ? Pas tout \u00e0 fait. Si la Coalition Climat reconna\u00eet l\u2019avanc\u00e9e notoire que constitue cette annonce, elle rappelle que cet objectif est un strict minimum et qu\u2019il ne peut donc contenir aucun artifices ni fausses solutions.<\/strong><\/p>\n\n\n\n<p>Le fait que l\u2019Union europ\u00e9enne adopte aujourd\u2019hui un nouvel objectif plus ambitieux est un signal fort pour l\u2019action climatique globale. Cependant, pour \u00eatre en ligne avec l\u2019Accord de Paris, l\u2019objectif europ\u00e9en devrait \u00eatre d\u2019au moins de 60% (par rapport \u00e0 1990), sans flexibilit\u00e9s int\u00e9gr\u00e9es. L\u2019objectif adopt\u00e9 aujourd\u2019hui constitue donc un strict minimum, d\u2019autant plus que l\u2019Union europ\u00e9enne a choisi d\u2019adopter un objectif \u201cnet\u201d, ce qui correspond dans les faits \u00e0 une r\u00e9duction de seulement 50,5%.<\/p>\n\n\n\n<p>\u201c<em>Cela fait 5 ans, depuis la COP21, que nous demandons que l\u2019Union europ\u00e9enne rehausse son ambition. On peut consid\u00e9rer la d\u00e9cision d\u2019aujourd\u2019hui comme une avanc\u00e9e. Cependant, cet objectif constitue un strict minimum et devra \u00eatre mis en \u0153uvre par des mesures concr\u00e8tes et un financement \u00e0 la hauteur du d\u00e9fi<\/em>\u201d, d\u00e9clare Nicolas Van Nuffel, Pr\u00e9sident de la Coalition Climat.\u201d<em>Il est donc temps d\u2019entamer le Chantier du si\u00e8cle: faire converger tous les moyens disponibles pour assurer une transition juste vers une soci\u00e9t\u00e9 r\u00e9ellement durable.\u201d<\/em><\/p>\n\n\n\n<p>Le renforcement de l\u2019ambition europ\u00e9enne arrive juste \u00e0 temps pour le sommet international qui a lieu demain, samedi 12 d\u00e9cembre. Ce sommet, organis\u00e9 \u00e0 l\u2019occasion des cinq ans de l\u2019Accord de Paris, est le moment pour les Etats de s\u2019engager pour plus d\u2019ambition ou de solidarit\u00e9 internationale. L\u2019Union europ\u00e9enne y prendra donc la parole, \u00e0 l\u2019instar de nos pays voisins, au contraire de la Belgique. La condition pour s\u2019exprimer \u00e9tait sine qua non : de nouveaux engagements \u00e9taient n\u00e9cessaires.<\/p>\n\n\n\n<p>\u201c<em>Si nous sommes satisfaits de savoir que l\u2019Union europ\u00e9enne communiquera une ambition rehauss\u00e9e demain en termes de r\u00e9duction des \u00e9missions, nous ne pouvons en dire autant de la Belgique pour ce qui concerne les financements climat. A notre connaissance, aucun nouvel engagement national n\u2019a pu \u00eatre adopt\u00e9 dans les temps. L\u2019occasion \u00e9tait pourtant toute point\u00e9e : la Belgique doit adopter une nouvelle contribution au financement climat international pour les pays en d\u00e9veloppement d\u2019ici, \u00e0 la fin de l\u2019ann\u00e9e<\/em>. <em>C\u2019est donc une opportunit\u00e9 manqu\u00e9e\u201d<\/em>, rel\u00e8ve Nicolas Van Nuffel.<\/p>\n\n\n\n<p>La <strong><span style=\"text-decoration: underline;\">Coalition Climat <\/span><\/strong>est une asbl nationale qui r\u00e9unit plus de 70 organisations de la soci\u00e9t\u00e9 civile belge <strong>dont l&rsquo;APNU<\/strong> autour de la justice climatique. Nous faisons pression aupr\u00e8s des d\u00e9cideurs politiques pour des mesures fortes et nous mobilisons un large public pour une soci\u00e9t\u00e9 juste et respectueuse du climat. Plus d&rsquo;infos sur:<a rel=\"noreferrer noopener\" href=\"http:\/\/www.coalitionclimat.be\/\" target=\"_blank\"> www.coalitionclimat.be<\/a><\/p>\n","protected":false},"excerpt":{"rendered":"<p>En organisant deux semaines in\u00e9dites de mobilisation, la Coalition Climat a voulu rappeler l\u2019urgence de&#8230;<\/p>\n","protected":false},"author":1,"featured_media":9081,"comment_status":"open","ping_status":"open","sticky":false,"template":"","format":"standard","meta":{"_jetpack_memberships_contains_paid_content":false,"footnotes":""},"categories":[118],"tags":[],"class_list":["post-9077","post","type-post","status-publish","format-standard","has-post-thumbnail","hentry","category-articles"],"yoast_head":"<!-- This site is optimized with the Yoast SEO plugin v27.5 - https:\/\/yoast.com\/product\/yoast-seo-wordpress\/ -->\n<title>Communiqu\u00e9 de la Coalition Climat \u00e0 la veille du Sommet virtuel sur le climat, 5 ans apr\u00e8s la COP 21 - APNU<\/title>\n<meta name=\"robots\" content=\"index, follow, max-snippet:-1, max-image-preview:large, max-video-preview:-1\" \/>\n<link rel=\"canonical\" href=\"https:\/\/apnu.be\/index.php\/2020\/12\/12\/communique-de-la-coalition-climat-a-la-veille-du-sommet-virtuel-sur-le-climat-5-ans-apres-la-cop-21\/\" \/>\n<meta property=\"og:locale\" content=\"fr_FR\" \/>\n<meta property=\"og:type\" content=\"article\" \/>\n<meta property=\"og:title\" content=\"Communiqu\u00e9 de la Coalition Climat \u00e0 la veille du Sommet virtuel sur le climat, 5 ans apr\u00e8s la COP 21 - APNU\" \/>\n<meta property=\"og:description\" content=\"En organisant deux semaines in\u00e9dites de mobilisation, la Coalition Climat a voulu rappeler l\u2019urgence de...\" \/>\n<meta property=\"og:url\" content=\"https:\/\/apnu.be\/index.php\/2020\/12\/12\/communique-de-la-coalition-climat-a-la-veille-du-sommet-virtuel-sur-le-climat-5-ans-apres-la-cop-21\/\" \/>\n<meta property=\"og:site_name\" content=\"APNU\" \/>\n<meta property=\"article:published_time\" content=\"2020-12-12T08:20:52+00:00\" \/>\n<meta property=\"article:modified_time\" content=\"2021-09-19T15:06:11+00:00\" \/>\n<meta property=\"og:image\" content=\"https:\/\/apnu.be\/wp-content\/uploads\/2020\/12\/COP-21-cinq-ans-apres-2.jpg\" \/>\n\t<meta property=\"og:image:width\" content=\"1189\" \/>\n\t<meta property=\"og:image:height\" content=\"1302\" \/>\n\t<meta property=\"og:image:type\" content=\"image\/jpeg\" \/>\n<meta name=\"author\" content=\"admin\" \/>\n<meta name=\"twitter:card\" content=\"summary_large_image\" \/>\n<meta name=\"twitter:label1\" content=\"\u00c9crit par\" \/>\n\t<meta name=\"twitter:data1\" content=\"admin\" \/>\n\t<meta name=\"twitter:label2\" content=\"Dur\u00e9e de lecture estim\u00e9e\" \/>\n\t<meta name=\"twitter:data2\" content=\"3 minutes\" \/>\n<script type=\"application\/ld+json\" class=\"yoast-schema-graph\">{\"@context\":\"https:\\\/\\\/schema.org\",\"@graph\":[{\"@type\":\"Article\",\"@id\":\"https:\\\/\\\/apnu.be\\\/index.php\\\/2020\\\/12\\\/12\\\/communique-de-la-coalition-climat-a-la-veille-du-sommet-virtuel-sur-le-climat-5-ans-apres-la-cop-21\\\/#article\",\"isPartOf\":{\"@id\":\"https:\\\/\\\/apnu.be\\\/index.php\\\/2020\\\/12\\\/12\\\/communique-de-la-coalition-climat-a-la-veille-du-sommet-virtuel-sur-le-climat-5-ans-apres-la-cop-21\\\/\"},\"author\":{\"name\":\"admin\",\"@id\":\"https:\\\/\\\/apnu.be\\\/#\\\/schema\\\/person\\\/b1f84938ddb401b1df0d87b68855f7cc\"},\"headline\":\"Communiqu\u00e9 de la Coalition Climat \u00e0 la veille du Sommet virtuel sur le climat, 5 ans apr\u00e8s la COP 21\",\"datePublished\":\"2020-12-12T08:20:52+00:00\",\"dateModified\":\"2021-09-19T15:06:11+00:00\",\"mainEntityOfPage\":{\"@id\":\"https:\\\/\\\/apnu.be\\\/index.php\\\/2020\\\/12\\\/12\\\/communique-de-la-coalition-climat-a-la-veille-du-sommet-virtuel-sur-le-climat-5-ans-apres-la-cop-21\\\/\"},\"wordCount\":547,\"commentCount\":1,\"image\":{\"@id\":\"https:\\\/\\\/apnu.be\\\/index.php\\\/2020\\\/12\\\/12\\\/communique-de-la-coalition-climat-a-la-veille-du-sommet-virtuel-sur-le-climat-5-ans-apres-la-cop-21\\\/#primaryimage\"},\"thumbnailUrl\":\"https:\\\/\\\/apnu.be\\\/wp-content\\\/uploads\\\/2020\\\/12\\\/COP-21-cinq-ans-apres-2.jpg\",\"articleSection\":[\"Articles\"],\"inLanguage\":\"fr-FR\",\"potentialAction\":[{\"@type\":\"CommentAction\",\"name\":\"Comment\",\"target\":[\"https:\\\/\\\/apnu.be\\\/index.php\\\/2020\\\/12\\\/12\\\/communique-de-la-coalition-climat-a-la-veille-du-sommet-virtuel-sur-le-climat-5-ans-apres-la-cop-21\\\/#respond\"]}]},{\"@type\":\"WebPage\",\"@id\":\"https:\\\/\\\/apnu.be\\\/index.php\\\/2020\\\/12\\\/12\\\/communique-de-la-coalition-climat-a-la-veille-du-sommet-virtuel-sur-le-climat-5-ans-apres-la-cop-21\\\/\",\"url\":\"https:\\\/\\\/apnu.be\\\/index.php\\\/2020\\\/12\\\/12\\\/communique-de-la-coalition-climat-a-la-veille-du-sommet-virtuel-sur-le-climat-5-ans-apres-la-cop-21\\\/\",\"name\":\"Communiqu\u00e9 de la Coalition Climat \u00e0 la veille du Sommet virtuel sur le climat, 5 ans apr\u00e8s la COP 21 - APNU\",\"isPartOf\":{\"@id\":\"https:\\\/\\\/apnu.be\\\/#website\"},\"primaryImageOfPage\":{\"@id\":\"https:\\\/\\\/apnu.be\\\/index.php\\\/2020\\\/12\\\/12\\\/communique-de-la-coalition-climat-a-la-veille-du-sommet-virtuel-sur-le-climat-5-ans-apres-la-cop-21\\\/#primaryimage\"},\"image\":{\"@id\":\"https:\\\/\\\/apnu.be\\\/index.php\\\/2020\\\/12\\\/12\\\/communique-de-la-coalition-climat-a-la-veille-du-sommet-virtuel-sur-le-climat-5-ans-apres-la-cop-21\\\/#primaryimage\"},\"thumbnailUrl\":\"https:\\\/\\\/apnu.be\\\/wp-content\\\/uploads\\\/2020\\\/12\\\/COP-21-cinq-ans-apres-2.jpg\",\"datePublished\":\"2020-12-12T08:20:52+00:00\",\"dateModified\":\"2021-09-19T15:06:11+00:00\",\"author\":{\"@id\":\"https:\\\/\\\/apnu.be\\\/#\\\/schema\\\/person\\\/b1f84938ddb401b1df0d87b68855f7cc\"},\"breadcrumb\":{\"@id\":\"https:\\\/\\\/apnu.be\\\/index.php\\\/2020\\\/12\\\/12\\\/communique-de-la-coalition-climat-a-la-veille-du-sommet-virtuel-sur-le-climat-5-ans-apres-la-cop-21\\\/#breadcrumb\"},\"inLanguage\":\"fr-FR\",\"potentialAction\":[{\"@type\":\"ReadAction\",\"target\":[\"https:\\\/\\\/apnu.be\\\/index.php\\\/2020\\\/12\\\/12\\\/communique-de-la-coalition-climat-a-la-veille-du-sommet-virtuel-sur-le-climat-5-ans-apres-la-cop-21\\\/\"]}]},{\"@type\":\"ImageObject\",\"inLanguage\":\"fr-FR\",\"@id\":\"https:\\\/\\\/apnu.be\\\/index.php\\\/2020\\\/12\\\/12\\\/communique-de-la-coalition-climat-a-la-veille-du-sommet-virtuel-sur-le-climat-5-ans-apres-la-cop-21\\\/#primaryimage\",\"url\":\"https:\\\/\\\/apnu.be\\\/wp-content\\\/uploads\\\/2020\\\/12\\\/COP-21-cinq-ans-apres-2.jpg\",\"contentUrl\":\"https:\\\/\\\/apnu.be\\\/wp-content\\\/uploads\\\/2020\\\/12\\\/COP-21-cinq-ans-apres-2.jpg\",\"width\":1189,\"height\":1302,\"caption\":\"Lors du Conseil europ\u00e9en cette semaine, les dirigeants europ\u00e9ens discuteront entre autres d'un nouvel objectif de r\u00e9duction des \u00e9missions de gaz \u00e0 effet de serre d\u2019ici 2030. La Coalition Climat estime que cet objectif devrait \u00eatre d\u2019au moins -60% (par rapport aux niveaux de 1990). Ce sommet europ\u00e9en est une opportunit\u00e9 cl\u00e9 pour que l\u2019Union europ\u00e9enne respecte ses engagements dans le cadre de l\u2019Accord de Paris.\"},{\"@type\":\"BreadcrumbList\",\"@id\":\"https:\\\/\\\/apnu.be\\\/index.php\\\/2020\\\/12\\\/12\\\/communique-de-la-coalition-climat-a-la-veille-du-sommet-virtuel-sur-le-climat-5-ans-apres-la-cop-21\\\/#breadcrumb\",\"itemListElement\":[{\"@type\":\"ListItem\",\"position\":1,\"name\":\"Accueil\",\"item\":\"https:\\\/\\\/apnu.be\\\/\"},{\"@type\":\"ListItem\",\"position\":2,\"name\":\"Communiqu\u00e9 de la Coalition Climat \u00e0 la veille du Sommet virtuel sur le climat, 5 ans apr\u00e8s la COP 21\"}]},{\"@type\":\"WebSite\",\"@id\":\"https:\\\/\\\/apnu.be\\\/#website\",\"url\":\"https:\\\/\\\/apnu.be\\\/\",\"name\":\"APNU\",\"description\":\"L\u2019Association pour les Nations Unies (A.P.N.U.). Association sans but lucratif (A.S.B.L.)\",\"potentialAction\":[{\"@type\":\"SearchAction\",\"target\":{\"@type\":\"EntryPoint\",\"urlTemplate\":\"https:\\\/\\\/apnu.be\\\/?s={search_term_string}\"},\"query-input\":{\"@type\":\"PropertyValueSpecification\",\"valueRequired\":true,\"valueName\":\"search_term_string\"}}],\"inLanguage\":\"fr-FR\"},{\"@type\":\"Person\",\"@id\":\"https:\\\/\\\/apnu.be\\\/#\\\/schema\\\/person\\\/b1f84938ddb401b1df0d87b68855f7cc\",\"name\":\"admin\",\"image\":{\"@type\":\"ImageObject\",\"inLanguage\":\"fr-FR\",\"@id\":\"https:\\\/\\\/secure.gravatar.com\\\/avatar\\\/e89e9f208d845f01122de42fcf3a35cf929bcb0deb840a867065b8f580c96a66?s=96&d=mm&r=g\",\"url\":\"https:\\\/\\\/secure.gravatar.com\\\/avatar\\\/e89e9f208d845f01122de42fcf3a35cf929bcb0deb840a867065b8f580c96a66?s=96&d=mm&r=g\",\"contentUrl\":\"https:\\\/\\\/secure.gravatar.com\\\/avatar\\\/e89e9f208d845f01122de42fcf3a35cf929bcb0deb840a867065b8f580c96a66?s=96&d=mm&r=g\",\"caption\":\"admin\"},\"url\":\"https:\\\/\\\/apnu.be\\\/index.php\\\/author\\\/admin\\\/\"}]}<\/script>\n<!-- \/ Yoast SEO plugin. -->","yoast_head_json":{"title":"Communiqu\u00e9 de la Coalition Climat \u00e0 la veille du Sommet virtuel sur le climat, 5 ans apr\u00e8s la COP 21 - APNU","robots":{"index":"index","follow":"follow","max-snippet":"max-snippet:-1","max-image-preview":"max-image-preview:large","max-video-preview":"max-video-preview:-1"},"canonical":"https:\/\/apnu.be\/index.php\/2020\/12\/12\/communique-de-la-coalition-climat-a-la-veille-du-sommet-virtuel-sur-le-climat-5-ans-apres-la-cop-21\/","og_locale":"fr_FR","og_type":"article","og_title":"Communiqu\u00e9 de la Coalition Climat \u00e0 la veille du Sommet virtuel sur le climat, 5 ans apr\u00e8s la COP 21 - APNU","og_description":"En organisant deux semaines in\u00e9dites de mobilisation, la Coalition Climat a voulu rappeler l\u2019urgence de...","og_url":"https:\/\/apnu.be\/index.php\/2020\/12\/12\/communique-de-la-coalition-climat-a-la-veille-du-sommet-virtuel-sur-le-climat-5-ans-apres-la-cop-21\/","og_site_name":"APNU","article_published_time":"2020-12-12T08:20:52+00:00","article_modified_time":"2021-09-19T15:06:11+00:00","og_image":[{"width":1189,"height":1302,"url":"https:\/\/apnu.be\/wp-content\/uploads\/2020\/12\/COP-21-cinq-ans-apres-2.jpg","type":"image\/jpeg"}],"author":"admin","twitter_card":"summary_large_image","twitter_misc":{"\u00c9crit par":"admin","Dur\u00e9e de lecture estim\u00e9e":"3 minutes"},"schema":{"@context":"https:\/\/schema.org","@graph":[{"@type":"Article","@id":"https:\/\/apnu.be\/index.php\/2020\/12\/12\/communique-de-la-coalition-climat-a-la-veille-du-sommet-virtuel-sur-le-climat-5-ans-apres-la-cop-21\/#article","isPartOf":{"@id":"https:\/\/apnu.be\/index.php\/2020\/12\/12\/communique-de-la-coalition-climat-a-la-veille-du-sommet-virtuel-sur-le-climat-5-ans-apres-la-cop-21\/"},"author":{"name":"admin","@id":"https:\/\/apnu.be\/#\/schema\/person\/b1f84938ddb401b1df0d87b68855f7cc"},"headline":"Communiqu\u00e9 de la Coalition Climat \u00e0 la veille du Sommet virtuel sur le climat, 5 ans apr\u00e8s la COP 21","datePublished":"2020-12-12T08:20:52+00:00","dateModified":"2021-09-19T15:06:11+00:00","mainEntityOfPage":{"@id":"https:\/\/apnu.be\/index.php\/2020\/12\/12\/communique-de-la-coalition-climat-a-la-veille-du-sommet-virtuel-sur-le-climat-5-ans-apres-la-cop-21\/"},"wordCount":547,"commentCount":1,"image":{"@id":"https:\/\/apnu.be\/index.php\/2020\/12\/12\/communique-de-la-coalition-climat-a-la-veille-du-sommet-virtuel-sur-le-climat-5-ans-apres-la-cop-21\/#primaryimage"},"thumbnailUrl":"https:\/\/apnu.be\/wp-content\/uploads\/2020\/12\/COP-21-cinq-ans-apres-2.jpg","articleSection":["Articles"],"inLanguage":"fr-FR","potentialAction":[{"@type":"CommentAction","name":"Comment","target":["https:\/\/apnu.be\/index.php\/2020\/12\/12\/communique-de-la-coalition-climat-a-la-veille-du-sommet-virtuel-sur-le-climat-5-ans-apres-la-cop-21\/#respond"]}]},{"@type":"WebPage","@id":"https:\/\/apnu.be\/index.php\/2020\/12\/12\/communique-de-la-coalition-climat-a-la-veille-du-sommet-virtuel-sur-le-climat-5-ans-apres-la-cop-21\/","url":"https:\/\/apnu.be\/index.php\/2020\/12\/12\/communique-de-la-coalition-climat-a-la-veille-du-sommet-virtuel-sur-le-climat-5-ans-apres-la-cop-21\/","name":"Communiqu\u00e9 de la Coalition Climat \u00e0 la veille du Sommet virtuel sur le climat, 5 ans apr\u00e8s la COP 21 - APNU","isPartOf":{"@id":"https:\/\/apnu.be\/#website"},"primaryImageOfPage":{"@id":"https:\/\/apnu.be\/index.php\/2020\/12\/12\/communique-de-la-coalition-climat-a-la-veille-du-sommet-virtuel-sur-le-climat-5-ans-apres-la-cop-21\/#primaryimage"},"image":{"@id":"https:\/\/apnu.be\/index.php\/2020\/12\/12\/communique-de-la-coalition-climat-a-la-veille-du-sommet-virtuel-sur-le-climat-5-ans-apres-la-cop-21\/#primaryimage"},"thumbnailUrl":"https:\/\/apnu.be\/wp-content\/uploads\/2020\/12\/COP-21-cinq-ans-apres-2.jpg","datePublished":"2020-12-12T08:20:52+00:00","dateModified":"2021-09-19T15:06:11+00:00","author":{"@id":"https:\/\/apnu.be\/#\/schema\/person\/b1f84938ddb401b1df0d87b68855f7cc"},"breadcrumb":{"@id":"https:\/\/apnu.be\/index.php\/2020\/12\/12\/communique-de-la-coalition-climat-a-la-veille-du-sommet-virtuel-sur-le-climat-5-ans-apres-la-cop-21\/#breadcrumb"},"inLanguage":"fr-FR","potentialAction":[{"@type":"ReadAction","target":["https:\/\/apnu.be\/index.php\/2020\/12\/12\/communique-de-la-coalition-climat-a-la-veille-du-sommet-virtuel-sur-le-climat-5-ans-apres-la-cop-21\/"]}]},{"@type":"ImageObject","inLanguage":"fr-FR","@id":"https:\/\/apnu.be\/index.php\/2020\/12\/12\/communique-de-la-coalition-climat-a-la-veille-du-sommet-virtuel-sur-le-climat-5-ans-apres-la-cop-21\/#primaryimage","url":"https:\/\/apnu.be\/wp-content\/uploads\/2020\/12\/COP-21-cinq-ans-apres-2.jpg","contentUrl":"https:\/\/apnu.be\/wp-content\/uploads\/2020\/12\/COP-21-cinq-ans-apres-2.jpg","width":1189,"height":1302,"caption":"Lors du Conseil europ\u00e9en cette semaine, les dirigeants europ\u00e9ens discuteront entre autres d'un nouvel objectif de r\u00e9duction des \u00e9missions de gaz \u00e0 effet de serre d\u2019ici 2030. La Coalition Climat estime que cet objectif devrait \u00eatre d\u2019au moins -60% (par rapport aux niveaux de 1990). Ce sommet europ\u00e9en est une opportunit\u00e9 cl\u00e9 pour que l\u2019Union europ\u00e9enne respecte ses engagements dans le cadre de l\u2019Accord de Paris."},{"@type":"BreadcrumbList","@id":"https:\/\/apnu.be\/index.php\/2020\/12\/12\/communique-de-la-coalition-climat-a-la-veille-du-sommet-virtuel-sur-le-climat-5-ans-apres-la-cop-21\/#breadcrumb","itemListElement":[{"@type":"ListItem","position":1,"name":"Accueil","item":"https:\/\/apnu.be\/"},{"@type":"ListItem","position":2,"name":"Communiqu\u00e9 de la Coalition Climat \u00e0 la veille du Sommet virtuel sur le climat, 5 ans apr\u00e8s la COP 21"}]},{"@type":"WebSite","@id":"https:\/\/apnu.be\/#website","url":"https:\/\/apnu.be\/","name":"APNU","description":"L\u2019Association pour les Nations Unies (A.P.N.U.). Association sans but lucratif (A.S.B.L.)","potentialAction":[{"@type":"SearchAction","target":{"@type":"EntryPoint","urlTemplate":"https:\/\/apnu.be\/?s={search_term_string}"},"query-input":{"@type":"PropertyValueSpecification","valueRequired":true,"valueName":"search_term_string"}}],"inLanguage":"fr-FR"},{"@type":"Person","@id":"https:\/\/apnu.be\/#\/schema\/person\/b1f84938ddb401b1df0d87b68855f7cc","name":"admin","image":{"@type":"ImageObject","inLanguage":"fr-FR","@id":"https:\/\/secure.gravatar.com\/avatar\/e89e9f208d845f01122de42fcf3a35cf929bcb0deb840a867065b8f580c96a66?s=96&d=mm&r=g","url":"https:\/\/secure.gravatar.com\/avatar\/e89e9f208d845f01122de42fcf3a35cf929bcb0deb840a867065b8f580c96a66?s=96&d=mm&r=g","contentUrl":"https:\/\/secure.gravatar.com\/avatar\/e89e9f208d845f01122de42fcf3a35cf929bcb0deb840a867065b8f580c96a66?s=96&d=mm&r=g","caption":"admin"},"url":"https:\/\/apnu.be\/index.php\/author\/admin\/"}]}},"jetpack_featured_media_url":"https:\/\/apnu.be\/wp-content\/uploads\/2020\/12\/COP-21-cinq-ans-apres-2.jpg","jetpack_sharing_enabled":true,"_links":{"self":[{"href":"https:\/\/apnu.be\/index.php\/wp-json\/wp\/v2\/posts\/9077","targetHints":{"allow":["GET"]}}],"collection":[{"href":"https:\/\/apnu.be\/index.php\/wp-json\/wp\/v2\/posts"}],"about":[{"href":"https:\/\/apnu.be\/index.php\/wp-json\/wp\/v2\/types\/post"}],"author":[{"embeddable":true,"href":"https:\/\/apnu.be\/index.php\/wp-json\/wp\/v2\/users\/1"}],"replies":[{"embeddable":true,"href":"https:\/\/apnu.be\/index.php\/wp-json\/wp\/v2\/comments?post=9077"}],"version-history":[{"count":1,"href":"https:\/\/apnu.be\/index.php\/wp-json\/wp\/v2\/posts\/9077\/revisions"}],"predecessor-version":[{"id":9078,"href":"https:\/\/apnu.be\/index.php\/wp-json\/wp\/v2\/posts\/9077\/revisions\/9078"}],"wp:featuredmedia":[{"embeddable":true,"href":"https:\/\/apnu.be\/index.php\/wp-json\/wp\/v2\/media\/9081"}],"wp:attachment":[{"href":"https:\/\/apnu.be\/index.php\/wp-json\/wp\/v2\/media?parent=9077"}],"wp:term":[{"taxonomy":"category","embeddable":true,"href":"https:\/\/apnu.be\/index.php\/wp-json\/wp\/v2\/categories?post=9077"},{"taxonomy":"post_tag","embeddable":true,"href":"https:\/\/apnu.be\/index.php\/wp-json\/wp\/v2\/tags?post=9077"}],"curies":[{"name":"wp","href":"https:\/\/api.w.org\/{rel}","templated":true}]}}