{"id":8931,"date":"2020-10-01T10:20:28","date_gmt":"2020-10-01T08:20:28","guid":{"rendered":"https:\/\/apnu.be\/?p=8931"},"modified":"2021-09-19T17:10:35","modified_gmt":"2021-09-19T15:10:35","slug":"josep-borrell-nous-avons-plus-que-jamais-besoin-de-lonu","status":"publish","type":"post","link":"https:\/\/apnu.be\/index.php\/2020\/10\/01\/josep-borrell-nous-avons-plus-que-jamais-besoin-de-lonu\/","title":{"rendered":"Josep Borrell : \u00ab Nous avons plus que jamais besoin de l\u2019ONU \u00bb"},"content":{"rendered":"\n<p>\u00c0 l\u2019occasion de l\u2019Assembl\u00e9e g\u00e9n\u00e9rale des Nations unies, Josep Borrell, Haut Repr\u00e9sentant de l\u2019Union europ\u00e9enne pour les affaires \u00e9trang\u00e8res et la s\u00e9curit\u00e9, Vice-Pr\u00e9sident de la Commission Europ\u00e9enne, lance un appel \u00e0 revitaliser le multilat\u00e9ralisme dans une tribune parue dans l&rsquo;Obs  le 25 septembre.<\/p>\n\n\n\n<p>\u00ab\u00a0En temps normal, je me trouverais actuellement \u00e0 New York pour l\u2019Assembl\u00e9e g\u00e9n\u00e9rale annuelle des Nations unies (AGNU), qui s\u2019ach\u00e8ve ce samedi. C\u2019est l\u2019\u00e9v\u00e9nement qui concentre le plus grand nombre de d\u00e9cideurs politiques mondiaux en un seul lieu et le temps fort du calendrier diplomatique. Mais cette ann\u00e9e est loin d\u2019\u00eatre normale, et la&nbsp;<em>\u00ab&nbsp;semaine de l\u2019Assembl\u00e9e g\u00e9n\u00e9rale des Nations unies&nbsp;\u00bb<\/em>&nbsp;se tient de fa\u00e7on virtuelle, les d\u00e9bats se d\u00e9roulant en ligne, exercice auquel nous avons tous \u00e9t\u00e9 rompus ces derniers mois.<\/p>\n\n\n\n<p>C\u2019est regrettable pour plusieurs raisons. L\u2019ONU c\u00e9l\u00e8bre cette ann\u00e9e son 75<sup>e<\/sup>&nbsp;anniversaire, et l\u2019on aurait souhait\u00e9 meilleure fa\u00e7on de marquer un tel anniversaire. En outre, dans l\u2019\u00e9tat actuel du monde le syst\u00e8me multilat\u00e9ral, dont les Nations unies constituent le c\u0153ur, est plus contest\u00e9 que jamais. Juste au moment pourtant o\u00f9 nous en avons le plus besoin.<\/p>\n\n\n\n<p>En effet, jamais l\u2019offre de solutions multilat\u00e9rales n\u2019a \u00e9t\u00e9 si limit\u00e9e, et la demande si forte. Chaque jour nous montre \u00e0 quel point le nationalisme \u00e9troit et les rivalit\u00e9s strat\u00e9giques, en particulier celle qui oppose les \u00c9tats-Unis et la Chine, paralysent le Conseil de s\u00e9curit\u00e9 des Nations unies et, plus largement, l\u2019ensemble du syst\u00e8me international. Depuis le changement climatique et la ma\u00eetrise des armements jusqu\u2019\u00e0 la s\u00e9curit\u00e9 maritime en passant par les droits humains, et au-del\u00e0, la coop\u00e9ration mondiale est affaiblie, les accords internationaux abandonn\u00e9s et le droit international mis \u00e0 mal ou appliqu\u00e9 de mani\u00e8re tr\u00e8s s\u00e9lective.<\/p>\n\n\n\n<p>Pour les Europ\u00e9ens, cet \u00e9tat de fait est profond\u00e9ment pr\u00e9occupant. Mais la crise actuelle du multilat\u00e9ralisme est un probl\u00e8me qui ne concerne pas uniquement les Europ\u00e9ens&nbsp;: ce sont la s\u00e9curit\u00e9 et les droits de tous qui sont menac\u00e9s. Certes, des formules telles que le&nbsp;<em>\u00ab&nbsp;syst\u00e8me multilat\u00e9ral&nbsp;\u00bb<\/em>&nbsp;et l\u2019<em>\u00ab&nbsp;ordre international fond\u00e9 sur des r\u00e8gles&nbsp;\u00bb<\/em>&nbsp;peuvent sembler vagues et ne sonnent pas autant que&nbsp;<em>\u00ab&nbsp;America first&nbsp;\u00bb<\/em>&nbsp;ou&nbsp;<em>\u00ab&nbsp;Take back control&nbsp;\u00bb<\/em>. Mais elles repr\u00e9sentent quelque chose de tr\u00e8s concret et bien r\u00e9el&nbsp;: le choix entre la paix et la guerre, entre des soci\u00e9t\u00e9s ouvertes et ferm\u00e9es, ou encore entre une \u00e9conomie fond\u00e9e sur le d\u00e9veloppement durable et une \u00e9conomie qui contribue au creusement des in\u00e9galit\u00e9s et \u00e0 un changement climatique incontr\u00f4lable.<\/p>\n\n\n\n<p>Un monde r\u00e9gi par des r\u00e8gles d\u00e9finies d\u2019un commun accord constitue la base m\u00eame de notre s\u00e9curit\u00e9, de nos libert\u00e9s et de notre prosp\u00e9rit\u00e9. Un ordre international fond\u00e9 sur des r\u00e8gles rend les \u00c9tats plus s\u00fbrs, pr\u00e9serve la libert\u00e9 des citoyens, incite les entreprises \u00e0 investir et permet de prot\u00e9ger l\u2019environnement. L\u2019alternative \u2013&nbsp;<em>\u00ab&nbsp;la loi du plus fort&nbsp;\u00bb<\/em>&nbsp;\u2013 a \u00e9t\u00e9 mise en \u0153uvre durant la plus grande partie de l\u2019histoire de l\u2019humanit\u00e9, et son terrible bilan est le meilleur argument en faveur d\u2019un syst\u00e8me multilat\u00e9ral. Malheureusement, on y recourt \u00e0 nouveau de plus en plus souvent, avec les r\u00e9sultats que chacun peut constater.<\/p>\n\n\n\n<h2 class=\"wp-block-heading\">Le vaccin, un bien public mondial<\/h2>\n\n\n\n<p>Telle n\u2019est pas l\u2019approche de l\u2019UE. Nous continuerons \u00e0 croire dans les Nations unies et \u00e0 les soutenir. Et ce pas uniquement dans les discours&nbsp;: nous les soutenons \u00e9galement sur les plans politique et financier, ainsi que sur le terrain diplomatique, en essayant de jouer un r\u00f4le de passerelle au sein du Conseil de s\u00e9curit\u00e9.<\/p>\n\n\n\n<p>Tandis que d\u2019autres tentaient de d\u00e9manteler l\u2019Organisation mondiale de la sant\u00e9 au plus fort de la pand\u00e9mie de COVID-19, c\u2019est l\u2019UE qui a men\u00e9 les n\u00e9gociations qui ont abouti \u00e0 un accord en faveur d\u2019une enqu\u00eate ind\u00e9pendante sur les origines du coronavirus. Nous sommes en outre le principal donateur pour le m\u00e9canisme en faveur d\u2019un acc\u00e8s mondial aux vaccins contre la COVID-19 (COVAX), mis en place afin que le monde entier puisse obtenir un vaccin fiable le plus vite possible et que celui-ci soit trait\u00e9 comme un&nbsp;<a href=\"https:\/\/www.project-syndicate.org\/commentary\/covax-vaccine-global-access-binding-commitments-by-seth-berkley-et-al-2020-09\">bien public mondial<\/a>.<\/p>\n\n\n\n<p>L\u2019UE contribue \u00e0 hauteur du quart du budget des Nations unies. On dit souvent que l\u2019Europe ne p\u00e8se pas de tout son poids g\u00e9opolitique. Mais, en termes d\u2019engagement multilat\u00e9ral, elle finance bien au-del\u00e0 de son poids.<\/p>\n\n\n\n<p>Dans nos op\u00e9rations de gestion de crise, nous agissons main dans la main avec les Nations unies en mati\u00e8re de stabilisation et de reconstruction dans de nombreuses zones de conflit, du Sahel \u00e0 la Corne de l\u2019Afrique, des Balkans au Proche-Orient. Dans les pires zones de guerre et les plus grandes crises humanitaires, l\u2019UE et les Nations unies \u0153uvrent de concert.<\/p>\n\n\n\n<p>Les Europ\u00e9ens se sont battus aussi pour obtenir un accord international sur le climat, et nous faisons de notre mieux pour le pr\u00e9server. Nous nous employons sans rel\u00e2che \u00e0 prot\u00e9ger la biodiversit\u00e9, l\u2019acc\u00e8s \u00e0 l\u2019eau potable ainsi que les autres ressources naturelles.<\/p>\n\n\n\n<p>Pour nous, ces contributions sont des investissements dans la s\u00e9curit\u00e9 et la prosp\u00e9rit\u00e9 au niveau mondial, et, partant, dans notre propre s\u00e9curit\u00e9 et notre propre prosp\u00e9rit\u00e9. Nous savons que notre s\u00e9curit\u00e9 et notre sant\u00e9 ne peuvent \u00eatre assur\u00e9es que si celles de nos voisins le sont \u00e9galement. Ce qui vaut pour les personnes vaut aussi pour les pays.<\/p>\n\n\n\n<h2 class=\"wp-block-heading\">Revitaliser le syst\u00e8me<\/h2>\n\n\n\n<p>M\u00eame si nous faisons face \u00e0 de forts vents contraires, l\u2019UE gardera le cap pour trouver des solutions communes. Cela s\u2019av\u00e8re souvent difficile et \u00e9prouvant, mais nous sommes toujours pr\u00eats \u00e0 discuter des moyens de rendre le syst\u00e8me multilat\u00e9ral plus efficace, plus l\u00e9gitime et plus adapt\u00e9 aux enjeux, tant avec les partenaires qui partagent les m\u00eames valeurs que nous qu\u2019avec ceux avec lesquels nous sommes en d\u00e9saccord. Le multilat\u00e9ralisme d\u2019aujourd\u2019hui doit \u00eatre diff\u00e9rent de celui du vingti\u00e8me si\u00e8cle&nbsp;: les rapports de force ont \u00e9volu\u00e9 et les d\u00e9fis ne sont plus les m\u00eames.<\/p>\n\n\n\n<p>Une grande partie de ce qui fa\u00e7onnera notre avenir, qu\u2019il s\u2019agisse de la gestion des donn\u00e9es dans le cyberespace, de l\u2019intelligence artificielle, de la biog\u00e9n\u00e9tique, des v\u00e9hicules autonomes, et de bien d\u2019autres choses encore, se d\u00e9ploie dans un grand vide r\u00e9glementaire. Nous devons combler ce dernier par la d\u00e9finition en commun de r\u00e8gles et de normes, tout en veillant \u00e0 ce que celles-ci soient effectivement appliqu\u00e9es, y compris dans des contextes o\u00f9 les principaux acteurs concern\u00e9s ne sont pas des gouvernements.<\/p>\n\n\n\n<p>Au bout du compte ce qui importe pour l\u2019UE, c\u2019est que la r\u00e9forme du multilat\u00e9ralisme doit se faire par le biais d\u2019une construction et non par sa destruction. Nous devons revitaliser le syst\u00e8me, et non l\u2019abandonner. D\u00e8s lors, cette semaine et au-del\u00e0, nous maintenons l\u2019esprit de l\u2019Assembl\u00e9e g\u00e9n\u00e9rale des Nations unies et d\u00e9fendons le multilat\u00e9ralisme dont tous les pays ont tant besoin. Un monde sans Nations unies nous mettrait tous en danger.\u00a0\u00bb<\/p>\n","protected":false},"excerpt":{"rendered":"<p>\u00c0 l\u2019occasion de l\u2019Assembl\u00e9e g\u00e9n\u00e9rale des Nations unies, Josep Borrell, Haut Repr\u00e9sentant de l\u2019Union europ\u00e9enne&#8230;<\/p>\n","protected":false},"author":1,"featured_media":8933,"comment_status":"open","ping_status":"open","sticky":false,"template":"","format":"standard","meta":{"_jetpack_memberships_contains_paid_content":false,"footnotes":""},"categories":[118],"tags":[],"class_list":["post-8931","post","type-post","status-publish","format-standard","has-post-thumbnail","hentry","category-articles"],"yoast_head":"<!-- This site is optimized with the Yoast SEO plugin v27.5 - https:\/\/yoast.com\/product\/yoast-seo-wordpress\/ -->\n<title>Josep Borrell : \u00ab Nous avons plus que jamais besoin de l\u2019ONU \u00bb - APNU<\/title>\n<meta name=\"robots\" content=\"index, follow, max-snippet:-1, max-image-preview:large, max-video-preview:-1\" \/>\n<link rel=\"canonical\" href=\"https:\/\/apnu.be\/index.php\/2020\/10\/01\/josep-borrell-nous-avons-plus-que-jamais-besoin-de-lonu\/\" \/>\n<meta property=\"og:locale\" content=\"fr_FR\" \/>\n<meta property=\"og:type\" content=\"article\" \/>\n<meta property=\"og:title\" content=\"Josep Borrell : \u00ab Nous avons plus que jamais besoin de l\u2019ONU \u00bb - APNU\" \/>\n<meta property=\"og:description\" content=\"\u00c0 l\u2019occasion de l\u2019Assembl\u00e9e g\u00e9n\u00e9rale des Nations unies, Josep Borrell, Haut Repr\u00e9sentant de l\u2019Union europ\u00e9enne...\" \/>\n<meta property=\"og:url\" content=\"https:\/\/apnu.be\/index.php\/2020\/10\/01\/josep-borrell-nous-avons-plus-que-jamais-besoin-de-lonu\/\" \/>\n<meta property=\"og:site_name\" content=\"APNU\" \/>\n<meta property=\"article:published_time\" content=\"2020-10-01T08:20:28+00:00\" \/>\n<meta property=\"article:modified_time\" content=\"2021-09-19T15:10:35+00:00\" \/>\n<meta property=\"og:image\" content=\"https:\/\/apnu.be\/wp-content\/uploads\/2020\/10\/Josep-Borrell-1.jpg\" \/>\n\t<meta property=\"og:image:width\" content=\"612\" \/>\n\t<meta property=\"og:image:height\" content=\"408\" \/>\n\t<meta property=\"og:image:type\" content=\"image\/jpeg\" \/>\n<meta name=\"author\" content=\"admin\" \/>\n<meta name=\"twitter:card\" content=\"summary_large_image\" \/>\n<meta name=\"twitter:label1\" content=\"\u00c9crit par\" \/>\n\t<meta name=\"twitter:data1\" content=\"admin\" \/>\n\t<meta name=\"twitter:label2\" content=\"Dur\u00e9e de lecture estim\u00e9e\" \/>\n\t<meta name=\"twitter:data2\" content=\"5 minutes\" \/>\n<script type=\"application\/ld+json\" class=\"yoast-schema-graph\">{\"@context\":\"https:\\\/\\\/schema.org\",\"@graph\":[{\"@type\":\"Article\",\"@id\":\"https:\\\/\\\/apnu.be\\\/index.php\\\/2020\\\/10\\\/01\\\/josep-borrell-nous-avons-plus-que-jamais-besoin-de-lonu\\\/#article\",\"isPartOf\":{\"@id\":\"https:\\\/\\\/apnu.be\\\/index.php\\\/2020\\\/10\\\/01\\\/josep-borrell-nous-avons-plus-que-jamais-besoin-de-lonu\\\/\"},\"author\":{\"name\":\"admin\",\"@id\":\"https:\\\/\\\/apnu.be\\\/#\\\/schema\\\/person\\\/b1f84938ddb401b1df0d87b68855f7cc\"},\"headline\":\"Josep Borrell : \u00ab Nous avons plus que jamais besoin de l\u2019ONU \u00bb\",\"datePublished\":\"2020-10-01T08:20:28+00:00\",\"dateModified\":\"2021-09-19T15:10:35+00:00\",\"mainEntityOfPage\":{\"@id\":\"https:\\\/\\\/apnu.be\\\/index.php\\\/2020\\\/10\\\/01\\\/josep-borrell-nous-avons-plus-que-jamais-besoin-de-lonu\\\/\"},\"wordCount\":1309,\"commentCount\":0,\"image\":{\"@id\":\"https:\\\/\\\/apnu.be\\\/index.php\\\/2020\\\/10\\\/01\\\/josep-borrell-nous-avons-plus-que-jamais-besoin-de-lonu\\\/#primaryimage\"},\"thumbnailUrl\":\"https:\\\/\\\/apnu.be\\\/wp-content\\\/uploads\\\/2020\\\/10\\\/Josep-Borrell-1.jpg\",\"articleSection\":[\"Articles\"],\"inLanguage\":\"fr-FR\",\"potentialAction\":[{\"@type\":\"CommentAction\",\"name\":\"Comment\",\"target\":[\"https:\\\/\\\/apnu.be\\\/index.php\\\/2020\\\/10\\\/01\\\/josep-borrell-nous-avons-plus-que-jamais-besoin-de-lonu\\\/#respond\"]}]},{\"@type\":\"WebPage\",\"@id\":\"https:\\\/\\\/apnu.be\\\/index.php\\\/2020\\\/10\\\/01\\\/josep-borrell-nous-avons-plus-que-jamais-besoin-de-lonu\\\/\",\"url\":\"https:\\\/\\\/apnu.be\\\/index.php\\\/2020\\\/10\\\/01\\\/josep-borrell-nous-avons-plus-que-jamais-besoin-de-lonu\\\/\",\"name\":\"Josep Borrell : \u00ab Nous avons plus que jamais besoin de l\u2019ONU \u00bb - APNU\",\"isPartOf\":{\"@id\":\"https:\\\/\\\/apnu.be\\\/#website\"},\"primaryImageOfPage\":{\"@id\":\"https:\\\/\\\/apnu.be\\\/index.php\\\/2020\\\/10\\\/01\\\/josep-borrell-nous-avons-plus-que-jamais-besoin-de-lonu\\\/#primaryimage\"},\"image\":{\"@id\":\"https:\\\/\\\/apnu.be\\\/index.php\\\/2020\\\/10\\\/01\\\/josep-borrell-nous-avons-plus-que-jamais-besoin-de-lonu\\\/#primaryimage\"},\"thumbnailUrl\":\"https:\\\/\\\/apnu.be\\\/wp-content\\\/uploads\\\/2020\\\/10\\\/Josep-Borrell-1.jpg\",\"datePublished\":\"2020-10-01T08:20:28+00:00\",\"dateModified\":\"2021-09-19T15:10:35+00:00\",\"author\":{\"@id\":\"https:\\\/\\\/apnu.be\\\/#\\\/schema\\\/person\\\/b1f84938ddb401b1df0d87b68855f7cc\"},\"breadcrumb\":{\"@id\":\"https:\\\/\\\/apnu.be\\\/index.php\\\/2020\\\/10\\\/01\\\/josep-borrell-nous-avons-plus-que-jamais-besoin-de-lonu\\\/#breadcrumb\"},\"inLanguage\":\"fr-FR\",\"potentialAction\":[{\"@type\":\"ReadAction\",\"target\":[\"https:\\\/\\\/apnu.be\\\/index.php\\\/2020\\\/10\\\/01\\\/josep-borrell-nous-avons-plus-que-jamais-besoin-de-lonu\\\/\"]}]},{\"@type\":\"ImageObject\",\"inLanguage\":\"fr-FR\",\"@id\":\"https:\\\/\\\/apnu.be\\\/index.php\\\/2020\\\/10\\\/01\\\/josep-borrell-nous-avons-plus-que-jamais-besoin-de-lonu\\\/#primaryimage\",\"url\":\"https:\\\/\\\/apnu.be\\\/wp-content\\\/uploads\\\/2020\\\/10\\\/Josep-Borrell-1.jpg\",\"contentUrl\":\"https:\\\/\\\/apnu.be\\\/wp-content\\\/uploads\\\/2020\\\/10\\\/Josep-Borrell-1.jpg\",\"width\":612,\"height\":408,\"caption\":\"MADRID, SPAIN - NOVEMBER 29: Spanish Foreign Minister Josep Borrell attends '40 A\u00f1os de Diplomacia en Democracia. Una Historia de Exito' exhibition at Casa de America on November 29, 2018 in Madrid, Spain. (Photo by Carlos Alvarez\\\/Getty Images)\"},{\"@type\":\"BreadcrumbList\",\"@id\":\"https:\\\/\\\/apnu.be\\\/index.php\\\/2020\\\/10\\\/01\\\/josep-borrell-nous-avons-plus-que-jamais-besoin-de-lonu\\\/#breadcrumb\",\"itemListElement\":[{\"@type\":\"ListItem\",\"position\":1,\"name\":\"Accueil\",\"item\":\"https:\\\/\\\/apnu.be\\\/\"},{\"@type\":\"ListItem\",\"position\":2,\"name\":\"Josep Borrell : \u00ab Nous avons plus que jamais besoin de l\u2019ONU \u00bb\"}]},{\"@type\":\"WebSite\",\"@id\":\"https:\\\/\\\/apnu.be\\\/#website\",\"url\":\"https:\\\/\\\/apnu.be\\\/\",\"name\":\"APNU\",\"description\":\"L\u2019Association pour les Nations Unies (A.P.N.U.). Association sans but lucratif (A.S.B.L.)\",\"potentialAction\":[{\"@type\":\"SearchAction\",\"target\":{\"@type\":\"EntryPoint\",\"urlTemplate\":\"https:\\\/\\\/apnu.be\\\/?s={search_term_string}\"},\"query-input\":{\"@type\":\"PropertyValueSpecification\",\"valueRequired\":true,\"valueName\":\"search_term_string\"}}],\"inLanguage\":\"fr-FR\"},{\"@type\":\"Person\",\"@id\":\"https:\\\/\\\/apnu.be\\\/#\\\/schema\\\/person\\\/b1f84938ddb401b1df0d87b68855f7cc\",\"name\":\"admin\",\"image\":{\"@type\":\"ImageObject\",\"inLanguage\":\"fr-FR\",\"@id\":\"https:\\\/\\\/secure.gravatar.com\\\/avatar\\\/e89e9f208d845f01122de42fcf3a35cf929bcb0deb840a867065b8f580c96a66?s=96&d=mm&r=g\",\"url\":\"https:\\\/\\\/secure.gravatar.com\\\/avatar\\\/e89e9f208d845f01122de42fcf3a35cf929bcb0deb840a867065b8f580c96a66?s=96&d=mm&r=g\",\"contentUrl\":\"https:\\\/\\\/secure.gravatar.com\\\/avatar\\\/e89e9f208d845f01122de42fcf3a35cf929bcb0deb840a867065b8f580c96a66?s=96&d=mm&r=g\",\"caption\":\"admin\"},\"url\":\"https:\\\/\\\/apnu.be\\\/index.php\\\/author\\\/admin\\\/\"}]}<\/script>\n<!-- \/ Yoast SEO plugin. -->","yoast_head_json":{"title":"Josep Borrell : \u00ab Nous avons plus que jamais besoin de l\u2019ONU \u00bb - APNU","robots":{"index":"index","follow":"follow","max-snippet":"max-snippet:-1","max-image-preview":"max-image-preview:large","max-video-preview":"max-video-preview:-1"},"canonical":"https:\/\/apnu.be\/index.php\/2020\/10\/01\/josep-borrell-nous-avons-plus-que-jamais-besoin-de-lonu\/","og_locale":"fr_FR","og_type":"article","og_title":"Josep Borrell : \u00ab Nous avons plus que jamais besoin de l\u2019ONU \u00bb - APNU","og_description":"\u00c0 l\u2019occasion de l\u2019Assembl\u00e9e g\u00e9n\u00e9rale des Nations unies, Josep Borrell, Haut Repr\u00e9sentant de l\u2019Union europ\u00e9enne...","og_url":"https:\/\/apnu.be\/index.php\/2020\/10\/01\/josep-borrell-nous-avons-plus-que-jamais-besoin-de-lonu\/","og_site_name":"APNU","article_published_time":"2020-10-01T08:20:28+00:00","article_modified_time":"2021-09-19T15:10:35+00:00","og_image":[{"width":612,"height":408,"url":"https:\/\/apnu.be\/wp-content\/uploads\/2020\/10\/Josep-Borrell-1.jpg","type":"image\/jpeg"}],"author":"admin","twitter_card":"summary_large_image","twitter_misc":{"\u00c9crit par":"admin","Dur\u00e9e de lecture estim\u00e9e":"5 minutes"},"schema":{"@context":"https:\/\/schema.org","@graph":[{"@type":"Article","@id":"https:\/\/apnu.be\/index.php\/2020\/10\/01\/josep-borrell-nous-avons-plus-que-jamais-besoin-de-lonu\/#article","isPartOf":{"@id":"https:\/\/apnu.be\/index.php\/2020\/10\/01\/josep-borrell-nous-avons-plus-que-jamais-besoin-de-lonu\/"},"author":{"name":"admin","@id":"https:\/\/apnu.be\/#\/schema\/person\/b1f84938ddb401b1df0d87b68855f7cc"},"headline":"Josep Borrell : \u00ab Nous avons plus que jamais besoin de l\u2019ONU \u00bb","datePublished":"2020-10-01T08:20:28+00:00","dateModified":"2021-09-19T15:10:35+00:00","mainEntityOfPage":{"@id":"https:\/\/apnu.be\/index.php\/2020\/10\/01\/josep-borrell-nous-avons-plus-que-jamais-besoin-de-lonu\/"},"wordCount":1309,"commentCount":0,"image":{"@id":"https:\/\/apnu.be\/index.php\/2020\/10\/01\/josep-borrell-nous-avons-plus-que-jamais-besoin-de-lonu\/#primaryimage"},"thumbnailUrl":"https:\/\/apnu.be\/wp-content\/uploads\/2020\/10\/Josep-Borrell-1.jpg","articleSection":["Articles"],"inLanguage":"fr-FR","potentialAction":[{"@type":"CommentAction","name":"Comment","target":["https:\/\/apnu.be\/index.php\/2020\/10\/01\/josep-borrell-nous-avons-plus-que-jamais-besoin-de-lonu\/#respond"]}]},{"@type":"WebPage","@id":"https:\/\/apnu.be\/index.php\/2020\/10\/01\/josep-borrell-nous-avons-plus-que-jamais-besoin-de-lonu\/","url":"https:\/\/apnu.be\/index.php\/2020\/10\/01\/josep-borrell-nous-avons-plus-que-jamais-besoin-de-lonu\/","name":"Josep Borrell : \u00ab Nous avons plus que jamais besoin de l\u2019ONU \u00bb - APNU","isPartOf":{"@id":"https:\/\/apnu.be\/#website"},"primaryImageOfPage":{"@id":"https:\/\/apnu.be\/index.php\/2020\/10\/01\/josep-borrell-nous-avons-plus-que-jamais-besoin-de-lonu\/#primaryimage"},"image":{"@id":"https:\/\/apnu.be\/index.php\/2020\/10\/01\/josep-borrell-nous-avons-plus-que-jamais-besoin-de-lonu\/#primaryimage"},"thumbnailUrl":"https:\/\/apnu.be\/wp-content\/uploads\/2020\/10\/Josep-Borrell-1.jpg","datePublished":"2020-10-01T08:20:28+00:00","dateModified":"2021-09-19T15:10:35+00:00","author":{"@id":"https:\/\/apnu.be\/#\/schema\/person\/b1f84938ddb401b1df0d87b68855f7cc"},"breadcrumb":{"@id":"https:\/\/apnu.be\/index.php\/2020\/10\/01\/josep-borrell-nous-avons-plus-que-jamais-besoin-de-lonu\/#breadcrumb"},"inLanguage":"fr-FR","potentialAction":[{"@type":"ReadAction","target":["https:\/\/apnu.be\/index.php\/2020\/10\/01\/josep-borrell-nous-avons-plus-que-jamais-besoin-de-lonu\/"]}]},{"@type":"ImageObject","inLanguage":"fr-FR","@id":"https:\/\/apnu.be\/index.php\/2020\/10\/01\/josep-borrell-nous-avons-plus-que-jamais-besoin-de-lonu\/#primaryimage","url":"https:\/\/apnu.be\/wp-content\/uploads\/2020\/10\/Josep-Borrell-1.jpg","contentUrl":"https:\/\/apnu.be\/wp-content\/uploads\/2020\/10\/Josep-Borrell-1.jpg","width":612,"height":408,"caption":"MADRID, SPAIN - NOVEMBER 29: Spanish Foreign Minister Josep Borrell attends '40 A\u00f1os de Diplomacia en Democracia. Una Historia de Exito' exhibition at Casa de America on November 29, 2018 in Madrid, Spain. (Photo by Carlos Alvarez\/Getty Images)"},{"@type":"BreadcrumbList","@id":"https:\/\/apnu.be\/index.php\/2020\/10\/01\/josep-borrell-nous-avons-plus-que-jamais-besoin-de-lonu\/#breadcrumb","itemListElement":[{"@type":"ListItem","position":1,"name":"Accueil","item":"https:\/\/apnu.be\/"},{"@type":"ListItem","position":2,"name":"Josep Borrell : \u00ab Nous avons plus que jamais besoin de l\u2019ONU \u00bb"}]},{"@type":"WebSite","@id":"https:\/\/apnu.be\/#website","url":"https:\/\/apnu.be\/","name":"APNU","description":"L\u2019Association pour les Nations Unies (A.P.N.U.). Association sans but lucratif (A.S.B.L.)","potentialAction":[{"@type":"SearchAction","target":{"@type":"EntryPoint","urlTemplate":"https:\/\/apnu.be\/?s={search_term_string}"},"query-input":{"@type":"PropertyValueSpecification","valueRequired":true,"valueName":"search_term_string"}}],"inLanguage":"fr-FR"},{"@type":"Person","@id":"https:\/\/apnu.be\/#\/schema\/person\/b1f84938ddb401b1df0d87b68855f7cc","name":"admin","image":{"@type":"ImageObject","inLanguage":"fr-FR","@id":"https:\/\/secure.gravatar.com\/avatar\/e89e9f208d845f01122de42fcf3a35cf929bcb0deb840a867065b8f580c96a66?s=96&d=mm&r=g","url":"https:\/\/secure.gravatar.com\/avatar\/e89e9f208d845f01122de42fcf3a35cf929bcb0deb840a867065b8f580c96a66?s=96&d=mm&r=g","contentUrl":"https:\/\/secure.gravatar.com\/avatar\/e89e9f208d845f01122de42fcf3a35cf929bcb0deb840a867065b8f580c96a66?s=96&d=mm&r=g","caption":"admin"},"url":"https:\/\/apnu.be\/index.php\/author\/admin\/"}]}},"jetpack_featured_media_url":"https:\/\/apnu.be\/wp-content\/uploads\/2020\/10\/Josep-Borrell-1.jpg","jetpack_sharing_enabled":true,"_links":{"self":[{"href":"https:\/\/apnu.be\/index.php\/wp-json\/wp\/v2\/posts\/8931","targetHints":{"allow":["GET"]}}],"collection":[{"href":"https:\/\/apnu.be\/index.php\/wp-json\/wp\/v2\/posts"}],"about":[{"href":"https:\/\/apnu.be\/index.php\/wp-json\/wp\/v2\/types\/post"}],"author":[{"embeddable":true,"href":"https:\/\/apnu.be\/index.php\/wp-json\/wp\/v2\/users\/1"}],"replies":[{"embeddable":true,"href":"https:\/\/apnu.be\/index.php\/wp-json\/wp\/v2\/comments?post=8931"}],"version-history":[{"count":2,"href":"https:\/\/apnu.be\/index.php\/wp-json\/wp\/v2\/posts\/8931\/revisions"}],"predecessor-version":[{"id":9440,"href":"https:\/\/apnu.be\/index.php\/wp-json\/wp\/v2\/posts\/8931\/revisions\/9440"}],"wp:featuredmedia":[{"embeddable":true,"href":"https:\/\/apnu.be\/index.php\/wp-json\/wp\/v2\/media\/8933"}],"wp:attachment":[{"href":"https:\/\/apnu.be\/index.php\/wp-json\/wp\/v2\/media?parent=8931"}],"wp:term":[{"taxonomy":"category","embeddable":true,"href":"https:\/\/apnu.be\/index.php\/wp-json\/wp\/v2\/categories?post=8931"},{"taxonomy":"post_tag","embeddable":true,"href":"https:\/\/apnu.be\/index.php\/wp-json\/wp\/v2\/tags?post=8931"}],"curies":[{"name":"wp","href":"https:\/\/api.w.org\/{rel}","templated":true}]}}