{"id":8913,"date":"2020-09-22T09:33:39","date_gmt":"2020-09-22T07:33:39","guid":{"rendered":"https:\/\/apnu.be\/?p=8913"},"modified":"2021-09-19T17:13:25","modified_gmt":"2021-09-19T15:13:25","slug":"resultats-de-lenquete-mondiale-sur-lonu-que-nous-voulons","status":"publish","type":"post","link":"https:\/\/apnu.be\/index.php\/2020\/09\/22\/resultats-de-lenquete-mondiale-sur-lonu-que-nous-voulons\/","title":{"rendered":"R\u00e9sultats de l&rsquo;enqu\u00eate mondiale sur l&rsquo;ONU que nous voulons"},"content":{"rendered":"\n<p>En janvier dernier, l&rsquo;APNU avait encourag\u00e9 tous ses membres et sympathisants \u00e0 participer \u00e0 l&rsquo;enqu\u00eate mondiale sur le futur de l&rsquo;ONU lanc\u00e9e par le Secr\u00e9taire g\u00e9n\u00e9ral \u00e0 l&rsquo;occasion du 75 \u00e8me anniversaire de l&rsquo;organisation. Lisez les r\u00e9sultats sur le communiqu\u00e9 de presse disponible sur le lien suivant:<\/p>\n\n\n\n<div class=\"wp-block-file\"><a href=\"https:\/\/apnu.be\/wp-content\/uploads\/2020\/09\/COMMUNIQUE-DE-PRESSE-UN75-Press-Release-FR-21.9.2020.pdf\"><strong><span class=\"has-inline-color has-vivid-cyan-blue-color\">COMMUNIQUE DE PRESSE UN75 Press Release FR 21.9.2020<\/span><\/strong><\/a><a href=\"https:\/\/apnu.be\/wp-content\/uploads\/2020\/09\/COMMUNIQUE-DE-PRESSE-UN75-Press-Release-FR-21.9.2020.pdf\" class=\"wp-block-file__button\" download>T\u00e9l\u00e9charger<\/a><\/div>\n\n\n\n<p><\/p>\n","protected":false},"excerpt":{"rendered":"<p>En janvier dernier, l&rsquo;APNU avait encourag\u00e9 tous ses membres et sympathisants \u00e0 participer \u00e0 l&rsquo;enqu\u00eate&#8230;<\/p>\n","protected":false},"author":1,"featured_media":8609,"comment_status":"open","ping_status":"open","sticky":false,"template":"","format":"standard","meta":{"_jetpack_memberships_contains_paid_content":false,"footnotes":""},"categories":[118],"tags":[],"class_list":["post-8913","post","type-post","status-publish","format-standard","has-post-thumbnail","hentry","category-articles"],"yoast_head":"<!-- This site is optimized with the Yoast SEO plugin v27.5 - https:\/\/yoast.com\/product\/yoast-seo-wordpress\/ -->\n<title>R\u00e9sultats de l&#039;enqu\u00eate mondiale sur l&#039;ONU que nous voulons - APNU<\/title>\n<meta name=\"robots\" content=\"index, follow, max-snippet:-1, max-image-preview:large, max-video-preview:-1\" \/>\n<link rel=\"canonical\" href=\"https:\/\/apnu.be\/index.php\/2020\/09\/22\/resultats-de-lenquete-mondiale-sur-lonu-que-nous-voulons\/\" \/>\n<meta property=\"og:locale\" content=\"fr_FR\" \/>\n<meta property=\"og:type\" content=\"article\" \/>\n<meta property=\"og:title\" content=\"R\u00e9sultats de l&#039;enqu\u00eate mondiale sur l&#039;ONU que nous voulons - APNU\" \/>\n<meta property=\"og:description\" content=\"En janvier dernier, l&rsquo;APNU avait encourag\u00e9 tous ses membres et sympathisants \u00e0 participer \u00e0 l&rsquo;enqu\u00eate...\" \/>\n<meta property=\"og:url\" content=\"https:\/\/apnu.be\/index.php\/2020\/09\/22\/resultats-de-lenquete-mondiale-sur-lonu-que-nous-voulons\/\" \/>\n<meta property=\"og:site_name\" content=\"APNU\" \/>\n<meta property=\"article:published_time\" content=\"2020-09-22T07:33:39+00:00\" \/>\n<meta property=\"article:modified_time\" content=\"2021-09-19T15:13:25+00:00\" \/>\n<meta property=\"og:image\" content=\"https:\/\/apnu.be\/wp-content\/uploads\/2020\/04\/75-ans-ONU-square2.png\" \/>\n\t<meta property=\"og:image:width\" content=\"400\" \/>\n\t<meta property=\"og:image:height\" content=\"400\" \/>\n\t<meta property=\"og:image:type\" content=\"image\/png\" \/>\n<meta name=\"author\" content=\"admin\" \/>\n<meta name=\"twitter:card\" content=\"summary_large_image\" \/>\n<meta name=\"twitter:label1\" content=\"\u00c9crit par\" \/>\n\t<meta name=\"twitter:data1\" content=\"admin\" \/>\n\t<meta name=\"twitter:label2\" content=\"Dur\u00e9e de lecture estim\u00e9e\" \/>\n\t<meta name=\"twitter:data2\" content=\"1 minute\" \/>\n<script type=\"application\/ld+json\" class=\"yoast-schema-graph\">{\"@context\":\"https:\\\/\\\/schema.org\",\"@graph\":[{\"@type\":\"Article\",\"@id\":\"https:\\\/\\\/apnu.be\\\/index.php\\\/2020\\\/09\\\/22\\\/resultats-de-lenquete-mondiale-sur-lonu-que-nous-voulons\\\/#article\",\"isPartOf\":{\"@id\":\"https:\\\/\\\/apnu.be\\\/index.php\\\/2020\\\/09\\\/22\\\/resultats-de-lenquete-mondiale-sur-lonu-que-nous-voulons\\\/\"},\"author\":{\"name\":\"admin\",\"@id\":\"https:\\\/\\\/apnu.be\\\/#\\\/schema\\\/person\\\/b1f84938ddb401b1df0d87b68855f7cc\"},\"headline\":\"R\u00e9sultats de l&rsquo;enqu\u00eate mondiale sur l&rsquo;ONU que nous voulons\",\"datePublished\":\"2020-09-22T07:33:39+00:00\",\"dateModified\":\"2021-09-19T15:13:25+00:00\",\"mainEntityOfPage\":{\"@id\":\"https:\\\/\\\/apnu.be\\\/index.php\\\/2020\\\/09\\\/22\\\/resultats-de-lenquete-mondiale-sur-lonu-que-nous-voulons\\\/\"},\"wordCount\":77,\"commentCount\":0,\"image\":{\"@id\":\"https:\\\/\\\/apnu.be\\\/index.php\\\/2020\\\/09\\\/22\\\/resultats-de-lenquete-mondiale-sur-lonu-que-nous-voulons\\\/#primaryimage\"},\"thumbnailUrl\":\"https:\\\/\\\/apnu.be\\\/wp-content\\\/uploads\\\/2020\\\/04\\\/75-ans-ONU-square2.png\",\"articleSection\":[\"Articles\"],\"inLanguage\":\"fr-FR\",\"potentialAction\":[{\"@type\":\"CommentAction\",\"name\":\"Comment\",\"target\":[\"https:\\\/\\\/apnu.be\\\/index.php\\\/2020\\\/09\\\/22\\\/resultats-de-lenquete-mondiale-sur-lonu-que-nous-voulons\\\/#respond\"]}]},{\"@type\":\"WebPage\",\"@id\":\"https:\\\/\\\/apnu.be\\\/index.php\\\/2020\\\/09\\\/22\\\/resultats-de-lenquete-mondiale-sur-lonu-que-nous-voulons\\\/\",\"url\":\"https:\\\/\\\/apnu.be\\\/index.php\\\/2020\\\/09\\\/22\\\/resultats-de-lenquete-mondiale-sur-lonu-que-nous-voulons\\\/\",\"name\":\"R\u00e9sultats de l'enqu\u00eate mondiale sur l'ONU que nous voulons - APNU\",\"isPartOf\":{\"@id\":\"https:\\\/\\\/apnu.be\\\/#website\"},\"primaryImageOfPage\":{\"@id\":\"https:\\\/\\\/apnu.be\\\/index.php\\\/2020\\\/09\\\/22\\\/resultats-de-lenquete-mondiale-sur-lonu-que-nous-voulons\\\/#primaryimage\"},\"image\":{\"@id\":\"https:\\\/\\\/apnu.be\\\/index.php\\\/2020\\\/09\\\/22\\\/resultats-de-lenquete-mondiale-sur-lonu-que-nous-voulons\\\/#primaryimage\"},\"thumbnailUrl\":\"https:\\\/\\\/apnu.be\\\/wp-content\\\/uploads\\\/2020\\\/04\\\/75-ans-ONU-square2.png\",\"datePublished\":\"2020-09-22T07:33:39+00:00\",\"dateModified\":\"2021-09-19T15:13:25+00:00\",\"author\":{\"@id\":\"https:\\\/\\\/apnu.be\\\/#\\\/schema\\\/person\\\/b1f84938ddb401b1df0d87b68855f7cc\"},\"breadcrumb\":{\"@id\":\"https:\\\/\\\/apnu.be\\\/index.php\\\/2020\\\/09\\\/22\\\/resultats-de-lenquete-mondiale-sur-lonu-que-nous-voulons\\\/#breadcrumb\"},\"inLanguage\":\"fr-FR\",\"potentialAction\":[{\"@type\":\"ReadAction\",\"target\":[\"https:\\\/\\\/apnu.be\\\/index.php\\\/2020\\\/09\\\/22\\\/resultats-de-lenquete-mondiale-sur-lonu-que-nous-voulons\\\/\"]}]},{\"@type\":\"ImageObject\",\"inLanguage\":\"fr-FR\",\"@id\":\"https:\\\/\\\/apnu.be\\\/index.php\\\/2020\\\/09\\\/22\\\/resultats-de-lenquete-mondiale-sur-lonu-que-nous-voulons\\\/#primaryimage\",\"url\":\"https:\\\/\\\/apnu.be\\\/wp-content\\\/uploads\\\/2020\\\/04\\\/75-ans-ONU-square2.png\",\"contentUrl\":\"https:\\\/\\\/apnu.be\\\/wp-content\\\/uploads\\\/2020\\\/04\\\/75-ans-ONU-square2.png\",\"width\":400,\"height\":400},{\"@type\":\"BreadcrumbList\",\"@id\":\"https:\\\/\\\/apnu.be\\\/index.php\\\/2020\\\/09\\\/22\\\/resultats-de-lenquete-mondiale-sur-lonu-que-nous-voulons\\\/#breadcrumb\",\"itemListElement\":[{\"@type\":\"ListItem\",\"position\":1,\"name\":\"Accueil\",\"item\":\"https:\\\/\\\/apnu.be\\\/\"},{\"@type\":\"ListItem\",\"position\":2,\"name\":\"R\u00e9sultats de l&rsquo;enqu\u00eate mondiale sur l&rsquo;ONU que nous voulons\"}]},{\"@type\":\"WebSite\",\"@id\":\"https:\\\/\\\/apnu.be\\\/#website\",\"url\":\"https:\\\/\\\/apnu.be\\\/\",\"name\":\"APNU\",\"description\":\"L\u2019Association pour les Nations Unies (A.P.N.U.). Association sans but lucratif (A.S.B.L.)\",\"potentialAction\":[{\"@type\":\"SearchAction\",\"target\":{\"@type\":\"EntryPoint\",\"urlTemplate\":\"https:\\\/\\\/apnu.be\\\/?s={search_term_string}\"},\"query-input\":{\"@type\":\"PropertyValueSpecification\",\"valueRequired\":true,\"valueName\":\"search_term_string\"}}],\"inLanguage\":\"fr-FR\"},{\"@type\":\"Person\",\"@id\":\"https:\\\/\\\/apnu.be\\\/#\\\/schema\\\/person\\\/b1f84938ddb401b1df0d87b68855f7cc\",\"name\":\"admin\",\"image\":{\"@type\":\"ImageObject\",\"inLanguage\":\"fr-FR\",\"@id\":\"https:\\\/\\\/secure.gravatar.com\\\/avatar\\\/e89e9f208d845f01122de42fcf3a35cf929bcb0deb840a867065b8f580c96a66?s=96&d=mm&r=g\",\"url\":\"https:\\\/\\\/secure.gravatar.com\\\/avatar\\\/e89e9f208d845f01122de42fcf3a35cf929bcb0deb840a867065b8f580c96a66?s=96&d=mm&r=g\",\"contentUrl\":\"https:\\\/\\\/secure.gravatar.com\\\/avatar\\\/e89e9f208d845f01122de42fcf3a35cf929bcb0deb840a867065b8f580c96a66?s=96&d=mm&r=g\",\"caption\":\"admin\"},\"url\":\"https:\\\/\\\/apnu.be\\\/index.php\\\/author\\\/admin\\\/\"}]}<\/script>\n<!-- \/ Yoast SEO plugin. -->","yoast_head_json":{"title":"R\u00e9sultats de l'enqu\u00eate mondiale sur l'ONU que nous voulons - APNU","robots":{"index":"index","follow":"follow","max-snippet":"max-snippet:-1","max-image-preview":"max-image-preview:large","max-video-preview":"max-video-preview:-1"},"canonical":"https:\/\/apnu.be\/index.php\/2020\/09\/22\/resultats-de-lenquete-mondiale-sur-lonu-que-nous-voulons\/","og_locale":"fr_FR","og_type":"article","og_title":"R\u00e9sultats de l'enqu\u00eate mondiale sur l'ONU que nous voulons - APNU","og_description":"En janvier dernier, l&rsquo;APNU avait encourag\u00e9 tous ses membres et sympathisants \u00e0 participer \u00e0 l&rsquo;enqu\u00eate...","og_url":"https:\/\/apnu.be\/index.php\/2020\/09\/22\/resultats-de-lenquete-mondiale-sur-lonu-que-nous-voulons\/","og_site_name":"APNU","article_published_time":"2020-09-22T07:33:39+00:00","article_modified_time":"2021-09-19T15:13:25+00:00","og_image":[{"width":400,"height":400,"url":"https:\/\/apnu.be\/wp-content\/uploads\/2020\/04\/75-ans-ONU-square2.png","type":"image\/png"}],"author":"admin","twitter_card":"summary_large_image","twitter_misc":{"\u00c9crit par":"admin","Dur\u00e9e de lecture estim\u00e9e":"1 minute"},"schema":{"@context":"https:\/\/schema.org","@graph":[{"@type":"Article","@id":"https:\/\/apnu.be\/index.php\/2020\/09\/22\/resultats-de-lenquete-mondiale-sur-lonu-que-nous-voulons\/#article","isPartOf":{"@id":"https:\/\/apnu.be\/index.php\/2020\/09\/22\/resultats-de-lenquete-mondiale-sur-lonu-que-nous-voulons\/"},"author":{"name":"admin","@id":"https:\/\/apnu.be\/#\/schema\/person\/b1f84938ddb401b1df0d87b68855f7cc"},"headline":"R\u00e9sultats de l&rsquo;enqu\u00eate mondiale sur l&rsquo;ONU que nous voulons","datePublished":"2020-09-22T07:33:39+00:00","dateModified":"2021-09-19T15:13:25+00:00","mainEntityOfPage":{"@id":"https:\/\/apnu.be\/index.php\/2020\/09\/22\/resultats-de-lenquete-mondiale-sur-lonu-que-nous-voulons\/"},"wordCount":77,"commentCount":0,"image":{"@id":"https:\/\/apnu.be\/index.php\/2020\/09\/22\/resultats-de-lenquete-mondiale-sur-lonu-que-nous-voulons\/#primaryimage"},"thumbnailUrl":"https:\/\/apnu.be\/wp-content\/uploads\/2020\/04\/75-ans-ONU-square2.png","articleSection":["Articles"],"inLanguage":"fr-FR","potentialAction":[{"@type":"CommentAction","name":"Comment","target":["https:\/\/apnu.be\/index.php\/2020\/09\/22\/resultats-de-lenquete-mondiale-sur-lonu-que-nous-voulons\/#respond"]}]},{"@type":"WebPage","@id":"https:\/\/apnu.be\/index.php\/2020\/09\/22\/resultats-de-lenquete-mondiale-sur-lonu-que-nous-voulons\/","url":"https:\/\/apnu.be\/index.php\/2020\/09\/22\/resultats-de-lenquete-mondiale-sur-lonu-que-nous-voulons\/","name":"R\u00e9sultats de l'enqu\u00eate mondiale sur l'ONU que nous voulons - APNU","isPartOf":{"@id":"https:\/\/apnu.be\/#website"},"primaryImageOfPage":{"@id":"https:\/\/apnu.be\/index.php\/2020\/09\/22\/resultats-de-lenquete-mondiale-sur-lonu-que-nous-voulons\/#primaryimage"},"image":{"@id":"https:\/\/apnu.be\/index.php\/2020\/09\/22\/resultats-de-lenquete-mondiale-sur-lonu-que-nous-voulons\/#primaryimage"},"thumbnailUrl":"https:\/\/apnu.be\/wp-content\/uploads\/2020\/04\/75-ans-ONU-square2.png","datePublished":"2020-09-22T07:33:39+00:00","dateModified":"2021-09-19T15:13:25+00:00","author":{"@id":"https:\/\/apnu.be\/#\/schema\/person\/b1f84938ddb401b1df0d87b68855f7cc"},"breadcrumb":{"@id":"https:\/\/apnu.be\/index.php\/2020\/09\/22\/resultats-de-lenquete-mondiale-sur-lonu-que-nous-voulons\/#breadcrumb"},"inLanguage":"fr-FR","potentialAction":[{"@type":"ReadAction","target":["https:\/\/apnu.be\/index.php\/2020\/09\/22\/resultats-de-lenquete-mondiale-sur-lonu-que-nous-voulons\/"]}]},{"@type":"ImageObject","inLanguage":"fr-FR","@id":"https:\/\/apnu.be\/index.php\/2020\/09\/22\/resultats-de-lenquete-mondiale-sur-lonu-que-nous-voulons\/#primaryimage","url":"https:\/\/apnu.be\/wp-content\/uploads\/2020\/04\/75-ans-ONU-square2.png","contentUrl":"https:\/\/apnu.be\/wp-content\/uploads\/2020\/04\/75-ans-ONU-square2.png","width":400,"height":400},{"@type":"BreadcrumbList","@id":"https:\/\/apnu.be\/index.php\/2020\/09\/22\/resultats-de-lenquete-mondiale-sur-lonu-que-nous-voulons\/#breadcrumb","itemListElement":[{"@type":"ListItem","position":1,"name":"Accueil","item":"https:\/\/apnu.be\/"},{"@type":"ListItem","position":2,"name":"R\u00e9sultats de l&rsquo;enqu\u00eate mondiale sur l&rsquo;ONU que nous voulons"}]},{"@type":"WebSite","@id":"https:\/\/apnu.be\/#website","url":"https:\/\/apnu.be\/","name":"APNU","description":"L\u2019Association pour les Nations Unies (A.P.N.U.). Association sans but lucratif (A.S.B.L.)","potentialAction":[{"@type":"SearchAction","target":{"@type":"EntryPoint","urlTemplate":"https:\/\/apnu.be\/?s={search_term_string}"},"query-input":{"@type":"PropertyValueSpecification","valueRequired":true,"valueName":"search_term_string"}}],"inLanguage":"fr-FR"},{"@type":"Person","@id":"https:\/\/apnu.be\/#\/schema\/person\/b1f84938ddb401b1df0d87b68855f7cc","name":"admin","image":{"@type":"ImageObject","inLanguage":"fr-FR","@id":"https:\/\/secure.gravatar.com\/avatar\/e89e9f208d845f01122de42fcf3a35cf929bcb0deb840a867065b8f580c96a66?s=96&d=mm&r=g","url":"https:\/\/secure.gravatar.com\/avatar\/e89e9f208d845f01122de42fcf3a35cf929bcb0deb840a867065b8f580c96a66?s=96&d=mm&r=g","contentUrl":"https:\/\/secure.gravatar.com\/avatar\/e89e9f208d845f01122de42fcf3a35cf929bcb0deb840a867065b8f580c96a66?s=96&d=mm&r=g","caption":"admin"},"url":"https:\/\/apnu.be\/index.php\/author\/admin\/"}]}},"jetpack_featured_media_url":"https:\/\/apnu.be\/wp-content\/uploads\/2020\/04\/75-ans-ONU-square2.png","jetpack_sharing_enabled":true,"_links":{"self":[{"href":"https:\/\/apnu.be\/index.php\/wp-json\/wp\/v2\/posts\/8913","targetHints":{"allow":["GET"]}}],"collection":[{"href":"https:\/\/apnu.be\/index.php\/wp-json\/wp\/v2\/posts"}],"about":[{"href":"https:\/\/apnu.be\/index.php\/wp-json\/wp\/v2\/types\/post"}],"author":[{"embeddable":true,"href":"https:\/\/apnu.be\/index.php\/wp-json\/wp\/v2\/users\/1"}],"replies":[{"embeddable":true,"href":"https:\/\/apnu.be\/index.php\/wp-json\/wp\/v2\/comments?post=8913"}],"version-history":[{"count":2,"href":"https:\/\/apnu.be\/index.php\/wp-json\/wp\/v2\/posts\/8913\/revisions"}],"predecessor-version":[{"id":8915,"href":"https:\/\/apnu.be\/index.php\/wp-json\/wp\/v2\/posts\/8913\/revisions\/8915"}],"wp:featuredmedia":[{"embeddable":true,"href":"https:\/\/apnu.be\/index.php\/wp-json\/wp\/v2\/media\/8609"}],"wp:attachment":[{"href":"https:\/\/apnu.be\/index.php\/wp-json\/wp\/v2\/media?parent=8913"}],"wp:term":[{"taxonomy":"category","embeddable":true,"href":"https:\/\/apnu.be\/index.php\/wp-json\/wp\/v2\/categories?post=8913"},{"taxonomy":"post_tag","embeddable":true,"href":"https:\/\/apnu.be\/index.php\/wp-json\/wp\/v2\/tags?post=8913"}],"curies":[{"name":"wp","href":"https:\/\/api.w.org\/{rel}","templated":true}]}}