{"id":8790,"date":"2020-06-19T09:42:57","date_gmt":"2020-06-19T07:42:57","guid":{"rendered":"https:\/\/apnu.be\/?p=8790"},"modified":"2021-09-19T17:20:05","modified_gmt":"2021-09-19T15:20:05","slug":"loms-elabore-un-accord-mondial-sur-les-premiers-beneficiaires-du-vaccin-contre-la-covid-19","status":"publish","type":"post","link":"https:\/\/apnu.be\/index.php\/2020\/06\/19\/loms-elabore-un-accord-mondial-sur-les-premiers-beneficiaires-du-vaccin-contre-la-covid-19\/","title":{"rendered":"L\u2019OMS \u00e9labore un accord mondial sur les premiers b\u00e9n\u00e9ficiaires du vaccin contre la Covid-19"},"content":{"rendered":"\n<p>18 juin 2020. L\u2019Organisation mondiale de la sant\u00e9 (OMS) \u00e9labore un dispositif pour aider \u00e0 d\u00e9cider qui doit \u00eatre prioritaire pour un futur vaccin contre la Covid-19, une fois qu\u2019une inoculation aura \u00e9t\u00e9 trouv\u00e9e et approuv\u00e9e, a d\u00e9clar\u00e9 jeudi, sa responsable scientifique Soumya Swaminathan.<\/p>\n\n\n\n<p>\u00ab Quelques 300 vaccins sont actuellement \u00e0 l&rsquo;essai dont trois sont sur le point d&rsquo;entamer la phase finale d\u2019essai sur l&rsquo;homme. Si ces essais s\u2019av\u00e8rent positifs, il pourrait y avoir quelques centaines de millions de doses d&rsquo;un ou plusieurs vaccins d&rsquo;ici la fin de l&rsquo;ann\u00e9e et des milliards d&rsquo;autres devraient \u00eatre disponibles en 2021.\u00a0\u00bb<\/p>\n\n\n\n<h3 class=\"wp-block-heading\">Miser sur le COVAX<\/h3>\n\n\n\n<p>Pour y arriver, les pays doivent toutefois soutenir et investir dans le dispositif d&rsquo;acc\u00e8s mondial au vaccin COVID-19, connu sous le nom de COVAX, a d\u00e9clar\u00e9 la scientifique.<\/p>\n\n\n\n<p>\u00ab Nous nous ne pouvons le faire que si le monde se rassemble, si les pays se r\u00e9unissent et acceptent ce m\u00e9canisme. Nous proposons donc un cadre qui pourrait \u00eatre utilis\u00e9 pour d\u00e9cider qui devrait \u00eatre prioritaire. Pensez aux personnes qui sont en premi\u00e8re ligne : les conducteurs et les ambulanciers et les autres travailleurs de la sant\u00e9, mais aussi la police, les employ\u00e9s des \u00e9piceries, les travailleurs sanitaires, ce sont ces personnes qui sont tr\u00e8s expos\u00e9es \u00bb, a \u00e9num\u00e9r\u00e9 la Dre Swaminathan.<\/p>\n\n\n\n<p>La responsable de l&rsquo;OMS a not\u00e9 que les personnes \u00e0 risque comme les personnes \u00e2g\u00e9es et celles souffrant d&rsquo;hypertension, de diab\u00e8te et de d\u00e9mence devraient \u00e9galement b\u00e9n\u00e9ficier d&rsquo;un vaccin. Les personnes vivant dans les prisons, les maisons de retraite, les usines et les bidonvilles urbains o\u00f9 des \u00e9pid\u00e9mies ont \u00e9t\u00e9 identifi\u00e9es devraient \u00e9galement recevoir l&rsquo;inoculation en priorit\u00e9 .<\/p>\n","protected":false},"excerpt":{"rendered":"<p>18 juin 2020. L\u2019Organisation mondiale de la sant\u00e9 (OMS) \u00e9labore un dispositif pour aider \u00e0&#8230;<\/p>\n","protected":false},"author":1,"featured_media":0,"comment_status":"open","ping_status":"open","sticky":false,"template":"","format":"standard","meta":{"_jetpack_memberships_contains_paid_content":false,"footnotes":""},"categories":[118],"tags":[],"class_list":["post-8790","post","type-post","status-publish","format-standard","hentry","category-articles"],"yoast_head":"<!-- This site is optimized with the Yoast SEO plugin v27.5 - https:\/\/yoast.com\/product\/yoast-seo-wordpress\/ -->\n<title>L\u2019OMS \u00e9labore un accord mondial sur les premiers b\u00e9n\u00e9ficiaires du vaccin contre la Covid-19 - APNU<\/title>\n<meta name=\"robots\" content=\"index, follow, max-snippet:-1, max-image-preview:large, max-video-preview:-1\" \/>\n<link rel=\"canonical\" href=\"https:\/\/apnu.be\/index.php\/2020\/06\/19\/loms-elabore-un-accord-mondial-sur-les-premiers-beneficiaires-du-vaccin-contre-la-covid-19\/\" \/>\n<meta property=\"og:locale\" content=\"fr_FR\" \/>\n<meta property=\"og:type\" content=\"article\" \/>\n<meta property=\"og:title\" content=\"L\u2019OMS \u00e9labore un accord mondial sur les premiers b\u00e9n\u00e9ficiaires du vaccin contre la Covid-19 - APNU\" \/>\n<meta property=\"og:description\" content=\"18 juin 2020. L\u2019Organisation mondiale de la sant\u00e9 (OMS) \u00e9labore un dispositif pour aider \u00e0...\" \/>\n<meta property=\"og:url\" content=\"https:\/\/apnu.be\/index.php\/2020\/06\/19\/loms-elabore-un-accord-mondial-sur-les-premiers-beneficiaires-du-vaccin-contre-la-covid-19\/\" \/>\n<meta property=\"og:site_name\" content=\"APNU\" \/>\n<meta property=\"article:published_time\" content=\"2020-06-19T07:42:57+00:00\" \/>\n<meta property=\"article:modified_time\" content=\"2021-09-19T15:20:05+00:00\" \/>\n<meta name=\"author\" content=\"admin\" \/>\n<meta name=\"twitter:card\" content=\"summary_large_image\" \/>\n<meta name=\"twitter:label1\" content=\"\u00c9crit par\" \/>\n\t<meta name=\"twitter:data1\" content=\"admin\" \/>\n\t<meta name=\"twitter:label2\" content=\"Dur\u00e9e de lecture estim\u00e9e\" \/>\n\t<meta name=\"twitter:data2\" content=\"2 minutes\" \/>\n<script type=\"application\/ld+json\" class=\"yoast-schema-graph\">{\"@context\":\"https:\\\/\\\/schema.org\",\"@graph\":[{\"@type\":\"Article\",\"@id\":\"https:\\\/\\\/apnu.be\\\/index.php\\\/2020\\\/06\\\/19\\\/loms-elabore-un-accord-mondial-sur-les-premiers-beneficiaires-du-vaccin-contre-la-covid-19\\\/#article\",\"isPartOf\":{\"@id\":\"https:\\\/\\\/apnu.be\\\/index.php\\\/2020\\\/06\\\/19\\\/loms-elabore-un-accord-mondial-sur-les-premiers-beneficiaires-du-vaccin-contre-la-covid-19\\\/\"},\"author\":{\"name\":\"admin\",\"@id\":\"https:\\\/\\\/apnu.be\\\/#\\\/schema\\\/person\\\/b1f84938ddb401b1df0d87b68855f7cc\"},\"headline\":\"L\u2019OMS \u00e9labore un accord mondial sur les premiers b\u00e9n\u00e9ficiaires du vaccin contre la Covid-19\",\"datePublished\":\"2020-06-19T07:42:57+00:00\",\"dateModified\":\"2021-09-19T15:20:05+00:00\",\"mainEntityOfPage\":{\"@id\":\"https:\\\/\\\/apnu.be\\\/index.php\\\/2020\\\/06\\\/19\\\/loms-elabore-un-accord-mondial-sur-les-premiers-beneficiaires-du-vaccin-contre-la-covid-19\\\/\"},\"wordCount\":315,\"commentCount\":0,\"articleSection\":[\"Articles\"],\"inLanguage\":\"fr-FR\",\"potentialAction\":[{\"@type\":\"CommentAction\",\"name\":\"Comment\",\"target\":[\"https:\\\/\\\/apnu.be\\\/index.php\\\/2020\\\/06\\\/19\\\/loms-elabore-un-accord-mondial-sur-les-premiers-beneficiaires-du-vaccin-contre-la-covid-19\\\/#respond\"]}]},{\"@type\":\"WebPage\",\"@id\":\"https:\\\/\\\/apnu.be\\\/index.php\\\/2020\\\/06\\\/19\\\/loms-elabore-un-accord-mondial-sur-les-premiers-beneficiaires-du-vaccin-contre-la-covid-19\\\/\",\"url\":\"https:\\\/\\\/apnu.be\\\/index.php\\\/2020\\\/06\\\/19\\\/loms-elabore-un-accord-mondial-sur-les-premiers-beneficiaires-du-vaccin-contre-la-covid-19\\\/\",\"name\":\"L\u2019OMS \u00e9labore un accord mondial sur les premiers b\u00e9n\u00e9ficiaires du vaccin contre la Covid-19 - APNU\",\"isPartOf\":{\"@id\":\"https:\\\/\\\/apnu.be\\\/#website\"},\"datePublished\":\"2020-06-19T07:42:57+00:00\",\"dateModified\":\"2021-09-19T15:20:05+00:00\",\"author\":{\"@id\":\"https:\\\/\\\/apnu.be\\\/#\\\/schema\\\/person\\\/b1f84938ddb401b1df0d87b68855f7cc\"},\"breadcrumb\":{\"@id\":\"https:\\\/\\\/apnu.be\\\/index.php\\\/2020\\\/06\\\/19\\\/loms-elabore-un-accord-mondial-sur-les-premiers-beneficiaires-du-vaccin-contre-la-covid-19\\\/#breadcrumb\"},\"inLanguage\":\"fr-FR\",\"potentialAction\":[{\"@type\":\"ReadAction\",\"target\":[\"https:\\\/\\\/apnu.be\\\/index.php\\\/2020\\\/06\\\/19\\\/loms-elabore-un-accord-mondial-sur-les-premiers-beneficiaires-du-vaccin-contre-la-covid-19\\\/\"]}]},{\"@type\":\"BreadcrumbList\",\"@id\":\"https:\\\/\\\/apnu.be\\\/index.php\\\/2020\\\/06\\\/19\\\/loms-elabore-un-accord-mondial-sur-les-premiers-beneficiaires-du-vaccin-contre-la-covid-19\\\/#breadcrumb\",\"itemListElement\":[{\"@type\":\"ListItem\",\"position\":1,\"name\":\"Accueil\",\"item\":\"https:\\\/\\\/apnu.be\\\/\"},{\"@type\":\"ListItem\",\"position\":2,\"name\":\"L\u2019OMS \u00e9labore un accord mondial sur les premiers b\u00e9n\u00e9ficiaires du vaccin contre la Covid-19\"}]},{\"@type\":\"WebSite\",\"@id\":\"https:\\\/\\\/apnu.be\\\/#website\",\"url\":\"https:\\\/\\\/apnu.be\\\/\",\"name\":\"APNU\",\"description\":\"L\u2019Association pour les Nations Unies (A.P.N.U.). Association sans but lucratif (A.S.B.L.)\",\"potentialAction\":[{\"@type\":\"SearchAction\",\"target\":{\"@type\":\"EntryPoint\",\"urlTemplate\":\"https:\\\/\\\/apnu.be\\\/?s={search_term_string}\"},\"query-input\":{\"@type\":\"PropertyValueSpecification\",\"valueRequired\":true,\"valueName\":\"search_term_string\"}}],\"inLanguage\":\"fr-FR\"},{\"@type\":\"Person\",\"@id\":\"https:\\\/\\\/apnu.be\\\/#\\\/schema\\\/person\\\/b1f84938ddb401b1df0d87b68855f7cc\",\"name\":\"admin\",\"image\":{\"@type\":\"ImageObject\",\"inLanguage\":\"fr-FR\",\"@id\":\"https:\\\/\\\/secure.gravatar.com\\\/avatar\\\/e89e9f208d845f01122de42fcf3a35cf929bcb0deb840a867065b8f580c96a66?s=96&d=mm&r=g\",\"url\":\"https:\\\/\\\/secure.gravatar.com\\\/avatar\\\/e89e9f208d845f01122de42fcf3a35cf929bcb0deb840a867065b8f580c96a66?s=96&d=mm&r=g\",\"contentUrl\":\"https:\\\/\\\/secure.gravatar.com\\\/avatar\\\/e89e9f208d845f01122de42fcf3a35cf929bcb0deb840a867065b8f580c96a66?s=96&d=mm&r=g\",\"caption\":\"admin\"},\"url\":\"https:\\\/\\\/apnu.be\\\/index.php\\\/author\\\/admin\\\/\"}]}<\/script>\n<!-- \/ Yoast SEO plugin. -->","yoast_head_json":{"title":"L\u2019OMS \u00e9labore un accord mondial sur les premiers b\u00e9n\u00e9ficiaires du vaccin contre la Covid-19 - APNU","robots":{"index":"index","follow":"follow","max-snippet":"max-snippet:-1","max-image-preview":"max-image-preview:large","max-video-preview":"max-video-preview:-1"},"canonical":"https:\/\/apnu.be\/index.php\/2020\/06\/19\/loms-elabore-un-accord-mondial-sur-les-premiers-beneficiaires-du-vaccin-contre-la-covid-19\/","og_locale":"fr_FR","og_type":"article","og_title":"L\u2019OMS \u00e9labore un accord mondial sur les premiers b\u00e9n\u00e9ficiaires du vaccin contre la Covid-19 - APNU","og_description":"18 juin 2020. L\u2019Organisation mondiale de la sant\u00e9 (OMS) \u00e9labore un dispositif pour aider \u00e0...","og_url":"https:\/\/apnu.be\/index.php\/2020\/06\/19\/loms-elabore-un-accord-mondial-sur-les-premiers-beneficiaires-du-vaccin-contre-la-covid-19\/","og_site_name":"APNU","article_published_time":"2020-06-19T07:42:57+00:00","article_modified_time":"2021-09-19T15:20:05+00:00","author":"admin","twitter_card":"summary_large_image","twitter_misc":{"\u00c9crit par":"admin","Dur\u00e9e de lecture estim\u00e9e":"2 minutes"},"schema":{"@context":"https:\/\/schema.org","@graph":[{"@type":"Article","@id":"https:\/\/apnu.be\/index.php\/2020\/06\/19\/loms-elabore-un-accord-mondial-sur-les-premiers-beneficiaires-du-vaccin-contre-la-covid-19\/#article","isPartOf":{"@id":"https:\/\/apnu.be\/index.php\/2020\/06\/19\/loms-elabore-un-accord-mondial-sur-les-premiers-beneficiaires-du-vaccin-contre-la-covid-19\/"},"author":{"name":"admin","@id":"https:\/\/apnu.be\/#\/schema\/person\/b1f84938ddb401b1df0d87b68855f7cc"},"headline":"L\u2019OMS \u00e9labore un accord mondial sur les premiers b\u00e9n\u00e9ficiaires du vaccin contre la Covid-19","datePublished":"2020-06-19T07:42:57+00:00","dateModified":"2021-09-19T15:20:05+00:00","mainEntityOfPage":{"@id":"https:\/\/apnu.be\/index.php\/2020\/06\/19\/loms-elabore-un-accord-mondial-sur-les-premiers-beneficiaires-du-vaccin-contre-la-covid-19\/"},"wordCount":315,"commentCount":0,"articleSection":["Articles"],"inLanguage":"fr-FR","potentialAction":[{"@type":"CommentAction","name":"Comment","target":["https:\/\/apnu.be\/index.php\/2020\/06\/19\/loms-elabore-un-accord-mondial-sur-les-premiers-beneficiaires-du-vaccin-contre-la-covid-19\/#respond"]}]},{"@type":"WebPage","@id":"https:\/\/apnu.be\/index.php\/2020\/06\/19\/loms-elabore-un-accord-mondial-sur-les-premiers-beneficiaires-du-vaccin-contre-la-covid-19\/","url":"https:\/\/apnu.be\/index.php\/2020\/06\/19\/loms-elabore-un-accord-mondial-sur-les-premiers-beneficiaires-du-vaccin-contre-la-covid-19\/","name":"L\u2019OMS \u00e9labore un accord mondial sur les premiers b\u00e9n\u00e9ficiaires du vaccin contre la Covid-19 - APNU","isPartOf":{"@id":"https:\/\/apnu.be\/#website"},"datePublished":"2020-06-19T07:42:57+00:00","dateModified":"2021-09-19T15:20:05+00:00","author":{"@id":"https:\/\/apnu.be\/#\/schema\/person\/b1f84938ddb401b1df0d87b68855f7cc"},"breadcrumb":{"@id":"https:\/\/apnu.be\/index.php\/2020\/06\/19\/loms-elabore-un-accord-mondial-sur-les-premiers-beneficiaires-du-vaccin-contre-la-covid-19\/#breadcrumb"},"inLanguage":"fr-FR","potentialAction":[{"@type":"ReadAction","target":["https:\/\/apnu.be\/index.php\/2020\/06\/19\/loms-elabore-un-accord-mondial-sur-les-premiers-beneficiaires-du-vaccin-contre-la-covid-19\/"]}]},{"@type":"BreadcrumbList","@id":"https:\/\/apnu.be\/index.php\/2020\/06\/19\/loms-elabore-un-accord-mondial-sur-les-premiers-beneficiaires-du-vaccin-contre-la-covid-19\/#breadcrumb","itemListElement":[{"@type":"ListItem","position":1,"name":"Accueil","item":"https:\/\/apnu.be\/"},{"@type":"ListItem","position":2,"name":"L\u2019OMS \u00e9labore un accord mondial sur les premiers b\u00e9n\u00e9ficiaires du vaccin contre la Covid-19"}]},{"@type":"WebSite","@id":"https:\/\/apnu.be\/#website","url":"https:\/\/apnu.be\/","name":"APNU","description":"L\u2019Association pour les Nations Unies (A.P.N.U.). Association sans but lucratif (A.S.B.L.)","potentialAction":[{"@type":"SearchAction","target":{"@type":"EntryPoint","urlTemplate":"https:\/\/apnu.be\/?s={search_term_string}"},"query-input":{"@type":"PropertyValueSpecification","valueRequired":true,"valueName":"search_term_string"}}],"inLanguage":"fr-FR"},{"@type":"Person","@id":"https:\/\/apnu.be\/#\/schema\/person\/b1f84938ddb401b1df0d87b68855f7cc","name":"admin","image":{"@type":"ImageObject","inLanguage":"fr-FR","@id":"https:\/\/secure.gravatar.com\/avatar\/e89e9f208d845f01122de42fcf3a35cf929bcb0deb840a867065b8f580c96a66?s=96&d=mm&r=g","url":"https:\/\/secure.gravatar.com\/avatar\/e89e9f208d845f01122de42fcf3a35cf929bcb0deb840a867065b8f580c96a66?s=96&d=mm&r=g","contentUrl":"https:\/\/secure.gravatar.com\/avatar\/e89e9f208d845f01122de42fcf3a35cf929bcb0deb840a867065b8f580c96a66?s=96&d=mm&r=g","caption":"admin"},"url":"https:\/\/apnu.be\/index.php\/author\/admin\/"}]}},"jetpack_featured_media_url":"","jetpack_sharing_enabled":true,"_links":{"self":[{"href":"https:\/\/apnu.be\/index.php\/wp-json\/wp\/v2\/posts\/8790","targetHints":{"allow":["GET"]}}],"collection":[{"href":"https:\/\/apnu.be\/index.php\/wp-json\/wp\/v2\/posts"}],"about":[{"href":"https:\/\/apnu.be\/index.php\/wp-json\/wp\/v2\/types\/post"}],"author":[{"embeddable":true,"href":"https:\/\/apnu.be\/index.php\/wp-json\/wp\/v2\/users\/1"}],"replies":[{"embeddable":true,"href":"https:\/\/apnu.be\/index.php\/wp-json\/wp\/v2\/comments?post=8790"}],"version-history":[{"count":1,"href":"https:\/\/apnu.be\/index.php\/wp-json\/wp\/v2\/posts\/8790\/revisions"}],"predecessor-version":[{"id":8791,"href":"https:\/\/apnu.be\/index.php\/wp-json\/wp\/v2\/posts\/8790\/revisions\/8791"}],"wp:attachment":[{"href":"https:\/\/apnu.be\/index.php\/wp-json\/wp\/v2\/media?parent=8790"}],"wp:term":[{"taxonomy":"category","embeddable":true,"href":"https:\/\/apnu.be\/index.php\/wp-json\/wp\/v2\/categories?post=8790"},{"taxonomy":"post_tag","embeddable":true,"href":"https:\/\/apnu.be\/index.php\/wp-json\/wp\/v2\/tags?post=8790"}],"curies":[{"name":"wp","href":"https:\/\/api.w.org\/{rel}","templated":true}]}}