{"id":10675,"date":"2025-11-20T12:25:17","date_gmt":"2025-11-20T11:25:17","guid":{"rendered":"https:\/\/apnu.be\/?p=10675"},"modified":"2026-03-14T17:23:23","modified_gmt":"2026-03-14T16:23:23","slug":"alexander-de-croo-nomme-comme-nouvel-administrateur-du-pnud","status":"publish","type":"post","link":"https:\/\/apnu.be\/index.php\/2025\/11\/20\/alexander-de-croo-nomme-comme-nouvel-administrateur-du-pnud\/","title":{"rendered":"Alexander De\u00a0Croo nomm\u00e9 comme nouvel Administrateur du PNUD"},"content":{"rendered":"\n<p>Ce 17 novembre 2025, l&rsquo;Assembl\u00e9e g\u00e9n\u00e9rale a proc\u00e9d\u00e9 \u00e0 des nominations et \u00e9lections pour pourvoir des postes vacants dans plusieurs organes de l\u2019ONU, dont M.\u00a0Alexander De\u00a0Croo\u00a0(Belgique) qui sera le prochain Administrateur du Programme des Nations Unies pour le d\u00e9veloppement (PNUD) pour les quatre prochaines ann\u00e9es.<\/p>\n\n\n\n<p>La F\u00e9d\u00e9ration de Russie s\u2019est oppos\u00e9e \u00e0 ce qui aurait d\u00fb \u00eatre une proc\u00e9dure tacite de confirmation par acclamation, demandant une mise aux voix.&nbsp;\u00c0 l\u2019issue de celle-ci, 172 \u00c9tats ont approuv\u00e9 la nomination de M.&nbsp;De Croo \u00e0 la t\u00eate du PNUD.&nbsp; Aucun ne s\u2019y est oppos\u00e9 mais la F\u00e9d\u00e9ration de Russie s\u2019est abstenue. &nbsp;M.&nbsp;De&nbsp;Croo&nbsp;occupera ce poste pendant quatre&nbsp;ans (du 2 d\u00e9cembre 2025 au 1<sup>er<\/sup>&nbsp;d\u00e9cembre 2029).&nbsp;<\/p>\n\n\n\n<h4 class=\"wp-block-heading\"><strong>Les r\u00e9serves de la F\u00e9d\u00e9ration de Russie<\/strong><\/h4>\n\n\n\n<p>Pour justifier sa demande de vote, la&nbsp;Russie&nbsp;a critiqu\u00e9 le fait que le poste d\u2019Administrateur du PNUD ait toujours \u00e9t\u00e9 occup\u00e9 par des repr\u00e9sentants d\u2019\u00c9tats occidentaux, alors que le PNUD est un partenaire fiable des pays b\u00e9n\u00e9ficiaires de l\u2019aide au d\u00e9veloppement.&nbsp; Le maintien de cette pratique, \u00e0 son avis, met en p\u00e9ril la confiance dont jouit le PNUD ainsi que sa l\u00e9gitimit\u00e9.&nbsp; Elle a aussi \u00e9mis des doutes quant \u00e0 l\u2019impartialit\u00e9 de M.&nbsp;De Croo, se basant sur ses d\u00e9clarations publiques.<\/p>\n\n\n\n<h4 class=\"wp-block-heading\"><strong>Un processus transparent et rod\u00e9&nbsp;<\/strong><\/h4>\n\n\n\n<p>L\u2019\u00c9quateur, en sa qualit\u00e9 de Pr\u00e9sident du Conseil d\u2019administration du PNUD, a rappel\u00e9 que la nomination du Directeur du PNUD est une pr\u00e9rogative du Secr\u00e9taire g\u00e9n\u00e9ral de l\u2019ONU.&nbsp; La d\u00e9l\u00e9gation a \u00e9galement relev\u00e9 qu\u2019aucune objection n\u2019avait \u00e9t\u00e9 formul\u00e9e dans les d\u00e9lais \u00e9tablis et que ce processus s\u2019\u00e9tait d\u00e9roul\u00e9 de mani\u00e8re transparente, inclusive et conforme \u00e0 ceux de 2017 et 2021 quand son pr\u00e9d\u00e9cesseur, M.&nbsp;Achim Steiner (Allemagne) avait \u00e9t\u00e9 nomm\u00e9.&nbsp;<\/p>\n\n\n\n<p>Pour sa part, l\u2019Uruguay, qui a f\u00e9licit\u00e9 le nouvel Administrateur, a mis en avant le r\u00f4le moteur que joue le PNUD \u00e0 travers le monde et soulign\u00e9 qu\u2019il demeure un partenaire essentiel pour atteindre les objectifs de d\u00e9veloppement durable (ODD).<\/p>\n\n\n\n<p>La nomination de l\u2019Administrateur rel\u00e8ve de la pr\u00e9rogative de l\u2019Assembl\u00e9e g\u00e9n\u00e9rale, a rappel\u00e9 l\u2019Irlande, au nom de l\u2019Union europ\u00e9enne (UE), en soulignant que l\u2019objectif est de pr\u00e9server l\u2019ind\u00e9pendance, l\u2019efficacit\u00e9 et la neutralit\u00e9 du syst\u00e8me des Nations Unies.&nbsp; Elle a assur\u00e9 que le processus avait \u00e9t\u00e9 \u00ab&nbsp;transparent et constructif&nbsp;\u00bb, pr\u00e9cisant que M.&nbsp;De&nbsp;Croo dispose de plus de 20 ans d\u2019exp\u00e9rience internationale.&nbsp; Notamment, en tant que Ministre du d\u00e9veloppement et de la coop\u00e9ration de la Belgique, il a promu des partenariats et insist\u00e9 sur l\u2019universalit\u00e9 du Programme de d\u00e9veloppement durable \u00e0 l\u2019horizon 2030.&nbsp; \u00ab&nbsp;Son parcours illustre sa conviction que le d\u00e9veloppement r\u00e9ussit lorsque la coop\u00e9ration est au c\u0153ur de l\u2019action.&nbsp;\u00bb&nbsp;<\/p>\n","protected":false},"excerpt":{"rendered":"<p>Ce 17 novembre 2025, l&rsquo;Assembl\u00e9e g\u00e9n\u00e9rale a proc\u00e9d\u00e9 \u00e0 des nominations et \u00e9lections pour pourvoir&#8230;<\/p>\n","protected":false},"author":1,"featured_media":10676,"comment_status":"open","ping_status":"open","sticky":false,"template":"","format":"standard","meta":{"_jetpack_memberships_contains_paid_content":false,"footnotes":""},"categories":[110],"tags":[],"class_list":["post-10675","post","type-post","status-publish","format-standard","has-post-thumbnail","hentry","category-news"],"yoast_head":"<!-- This site is optimized with the Yoast SEO plugin v27.5 - https:\/\/yoast.com\/product\/yoast-seo-wordpress\/ -->\n<title>Alexander De\u00a0Croo nomm\u00e9 comme nouvel Administrateur du PNUD - APNU<\/title>\n<meta name=\"robots\" content=\"index, follow, max-snippet:-1, max-image-preview:large, max-video-preview:-1\" \/>\n<link rel=\"canonical\" href=\"https:\/\/apnu.be\/index.php\/2025\/11\/20\/alexander-de-croo-nomme-comme-nouvel-administrateur-du-pnud\/\" \/>\n<meta property=\"og:locale\" content=\"fr_FR\" \/>\n<meta property=\"og:type\" content=\"article\" \/>\n<meta property=\"og:title\" content=\"Alexander De\u00a0Croo nomm\u00e9 comme nouvel Administrateur du PNUD - APNU\" \/>\n<meta property=\"og:description\" content=\"Ce 17 novembre 2025, l&rsquo;Assembl\u00e9e g\u00e9n\u00e9rale a proc\u00e9d\u00e9 \u00e0 des nominations et \u00e9lections pour pourvoir...\" \/>\n<meta property=\"og:url\" content=\"https:\/\/apnu.be\/index.php\/2025\/11\/20\/alexander-de-croo-nomme-comme-nouvel-administrateur-du-pnud\/\" \/>\n<meta property=\"og:site_name\" content=\"APNU\" \/>\n<meta property=\"article:published_time\" content=\"2025-11-20T11:25:17+00:00\" \/>\n<meta property=\"article:modified_time\" content=\"2026-03-14T16:23:23+00:00\" \/>\n<meta property=\"og:image\" content=\"https:\/\/apnu.be\/wp-content\/uploads\/2025\/11\/UNDP-Logo_1.png\" \/>\n\t<meta property=\"og:image:width\" content=\"900\" \/>\n\t<meta property=\"og:image:height\" content=\"600\" \/>\n\t<meta property=\"og:image:type\" content=\"image\/png\" \/>\n<meta name=\"author\" content=\"admin\" \/>\n<meta name=\"twitter:card\" content=\"summary_large_image\" \/>\n<meta name=\"twitter:label1\" content=\"\u00c9crit par\" \/>\n\t<meta name=\"twitter:data1\" content=\"admin\" \/>\n\t<meta name=\"twitter:label2\" content=\"Dur\u00e9e de lecture estim\u00e9e\" \/>\n\t<meta name=\"twitter:data2\" content=\"3 minutes\" \/>\n<script type=\"application\/ld+json\" class=\"yoast-schema-graph\">{\"@context\":\"https:\\\/\\\/schema.org\",\"@graph\":[{\"@type\":\"Article\",\"@id\":\"https:\\\/\\\/apnu.be\\\/index.php\\\/2025\\\/11\\\/20\\\/alexander-de-croo-nomme-comme-nouvel-administrateur-du-pnud\\\/#article\",\"isPartOf\":{\"@id\":\"https:\\\/\\\/apnu.be\\\/index.php\\\/2025\\\/11\\\/20\\\/alexander-de-croo-nomme-comme-nouvel-administrateur-du-pnud\\\/\"},\"author\":{\"name\":\"admin\",\"@id\":\"https:\\\/\\\/apnu.be\\\/#\\\/schema\\\/person\\\/b1f84938ddb401b1df0d87b68855f7cc\"},\"headline\":\"Alexander De\u00a0Croo nomm\u00e9 comme nouvel Administrateur du PNUD\",\"datePublished\":\"2025-11-20T11:25:17+00:00\",\"dateModified\":\"2026-03-14T16:23:23+00:00\",\"mainEntityOfPage\":{\"@id\":\"https:\\\/\\\/apnu.be\\\/index.php\\\/2025\\\/11\\\/20\\\/alexander-de-croo-nomme-comme-nouvel-administrateur-du-pnud\\\/\"},\"wordCount\":540,\"commentCount\":0,\"image\":{\"@id\":\"https:\\\/\\\/apnu.be\\\/index.php\\\/2025\\\/11\\\/20\\\/alexander-de-croo-nomme-comme-nouvel-administrateur-du-pnud\\\/#primaryimage\"},\"thumbnailUrl\":\"https:\\\/\\\/apnu.be\\\/wp-content\\\/uploads\\\/2025\\\/11\\\/UNDP-Logo_1.png\",\"articleSection\":[\"Actualit\u00e9\"],\"inLanguage\":\"fr-FR\",\"potentialAction\":[{\"@type\":\"CommentAction\",\"name\":\"Comment\",\"target\":[\"https:\\\/\\\/apnu.be\\\/index.php\\\/2025\\\/11\\\/20\\\/alexander-de-croo-nomme-comme-nouvel-administrateur-du-pnud\\\/#respond\"]}]},{\"@type\":\"WebPage\",\"@id\":\"https:\\\/\\\/apnu.be\\\/index.php\\\/2025\\\/11\\\/20\\\/alexander-de-croo-nomme-comme-nouvel-administrateur-du-pnud\\\/\",\"url\":\"https:\\\/\\\/apnu.be\\\/index.php\\\/2025\\\/11\\\/20\\\/alexander-de-croo-nomme-comme-nouvel-administrateur-du-pnud\\\/\",\"name\":\"Alexander De\u00a0Croo nomm\u00e9 comme nouvel Administrateur du PNUD - APNU\",\"isPartOf\":{\"@id\":\"https:\\\/\\\/apnu.be\\\/#website\"},\"primaryImageOfPage\":{\"@id\":\"https:\\\/\\\/apnu.be\\\/index.php\\\/2025\\\/11\\\/20\\\/alexander-de-croo-nomme-comme-nouvel-administrateur-du-pnud\\\/#primaryimage\"},\"image\":{\"@id\":\"https:\\\/\\\/apnu.be\\\/index.php\\\/2025\\\/11\\\/20\\\/alexander-de-croo-nomme-comme-nouvel-administrateur-du-pnud\\\/#primaryimage\"},\"thumbnailUrl\":\"https:\\\/\\\/apnu.be\\\/wp-content\\\/uploads\\\/2025\\\/11\\\/UNDP-Logo_1.png\",\"datePublished\":\"2025-11-20T11:25:17+00:00\",\"dateModified\":\"2026-03-14T16:23:23+00:00\",\"author\":{\"@id\":\"https:\\\/\\\/apnu.be\\\/#\\\/schema\\\/person\\\/b1f84938ddb401b1df0d87b68855f7cc\"},\"breadcrumb\":{\"@id\":\"https:\\\/\\\/apnu.be\\\/index.php\\\/2025\\\/11\\\/20\\\/alexander-de-croo-nomme-comme-nouvel-administrateur-du-pnud\\\/#breadcrumb\"},\"inLanguage\":\"fr-FR\",\"potentialAction\":[{\"@type\":\"ReadAction\",\"target\":[\"https:\\\/\\\/apnu.be\\\/index.php\\\/2025\\\/11\\\/20\\\/alexander-de-croo-nomme-comme-nouvel-administrateur-du-pnud\\\/\"]}]},{\"@type\":\"ImageObject\",\"inLanguage\":\"fr-FR\",\"@id\":\"https:\\\/\\\/apnu.be\\\/index.php\\\/2025\\\/11\\\/20\\\/alexander-de-croo-nomme-comme-nouvel-administrateur-du-pnud\\\/#primaryimage\",\"url\":\"https:\\\/\\\/apnu.be\\\/wp-content\\\/uploads\\\/2025\\\/11\\\/UNDP-Logo_1.png\",\"contentUrl\":\"https:\\\/\\\/apnu.be\\\/wp-content\\\/uploads\\\/2025\\\/11\\\/UNDP-Logo_1.png\",\"width\":900,\"height\":600},{\"@type\":\"BreadcrumbList\",\"@id\":\"https:\\\/\\\/apnu.be\\\/index.php\\\/2025\\\/11\\\/20\\\/alexander-de-croo-nomme-comme-nouvel-administrateur-du-pnud\\\/#breadcrumb\",\"itemListElement\":[{\"@type\":\"ListItem\",\"position\":1,\"name\":\"Accueil\",\"item\":\"https:\\\/\\\/apnu.be\\\/\"},{\"@type\":\"ListItem\",\"position\":2,\"name\":\"Alexander De\u00a0Croo nomm\u00e9 comme nouvel Administrateur du PNUD\"}]},{\"@type\":\"WebSite\",\"@id\":\"https:\\\/\\\/apnu.be\\\/#website\",\"url\":\"https:\\\/\\\/apnu.be\\\/\",\"name\":\"APNU\",\"description\":\"L\u2019Association pour les Nations Unies (A.P.N.U.). Association sans but lucratif (A.S.B.L.)\",\"potentialAction\":[{\"@type\":\"SearchAction\",\"target\":{\"@type\":\"EntryPoint\",\"urlTemplate\":\"https:\\\/\\\/apnu.be\\\/?s={search_term_string}\"},\"query-input\":{\"@type\":\"PropertyValueSpecification\",\"valueRequired\":true,\"valueName\":\"search_term_string\"}}],\"inLanguage\":\"fr-FR\"},{\"@type\":\"Person\",\"@id\":\"https:\\\/\\\/apnu.be\\\/#\\\/schema\\\/person\\\/b1f84938ddb401b1df0d87b68855f7cc\",\"name\":\"admin\",\"image\":{\"@type\":\"ImageObject\",\"inLanguage\":\"fr-FR\",\"@id\":\"https:\\\/\\\/secure.gravatar.com\\\/avatar\\\/e89e9f208d845f01122de42fcf3a35cf929bcb0deb840a867065b8f580c96a66?s=96&d=mm&r=g\",\"url\":\"https:\\\/\\\/secure.gravatar.com\\\/avatar\\\/e89e9f208d845f01122de42fcf3a35cf929bcb0deb840a867065b8f580c96a66?s=96&d=mm&r=g\",\"contentUrl\":\"https:\\\/\\\/secure.gravatar.com\\\/avatar\\\/e89e9f208d845f01122de42fcf3a35cf929bcb0deb840a867065b8f580c96a66?s=96&d=mm&r=g\",\"caption\":\"admin\"},\"url\":\"https:\\\/\\\/apnu.be\\\/index.php\\\/author\\\/admin\\\/\"}]}<\/script>\n<!-- \/ Yoast SEO plugin. -->","yoast_head_json":{"title":"Alexander De\u00a0Croo nomm\u00e9 comme nouvel Administrateur du PNUD - APNU","robots":{"index":"index","follow":"follow","max-snippet":"max-snippet:-1","max-image-preview":"max-image-preview:large","max-video-preview":"max-video-preview:-1"},"canonical":"https:\/\/apnu.be\/index.php\/2025\/11\/20\/alexander-de-croo-nomme-comme-nouvel-administrateur-du-pnud\/","og_locale":"fr_FR","og_type":"article","og_title":"Alexander De\u00a0Croo nomm\u00e9 comme nouvel Administrateur du PNUD - APNU","og_description":"Ce 17 novembre 2025, l&rsquo;Assembl\u00e9e g\u00e9n\u00e9rale a proc\u00e9d\u00e9 \u00e0 des nominations et \u00e9lections pour pourvoir...","og_url":"https:\/\/apnu.be\/index.php\/2025\/11\/20\/alexander-de-croo-nomme-comme-nouvel-administrateur-du-pnud\/","og_site_name":"APNU","article_published_time":"2025-11-20T11:25:17+00:00","article_modified_time":"2026-03-14T16:23:23+00:00","og_image":[{"width":900,"height":600,"url":"https:\/\/apnu.be\/wp-content\/uploads\/2025\/11\/UNDP-Logo_1.png","type":"image\/png"}],"author":"admin","twitter_card":"summary_large_image","twitter_misc":{"\u00c9crit par":"admin","Dur\u00e9e de lecture estim\u00e9e":"3 minutes"},"schema":{"@context":"https:\/\/schema.org","@graph":[{"@type":"Article","@id":"https:\/\/apnu.be\/index.php\/2025\/11\/20\/alexander-de-croo-nomme-comme-nouvel-administrateur-du-pnud\/#article","isPartOf":{"@id":"https:\/\/apnu.be\/index.php\/2025\/11\/20\/alexander-de-croo-nomme-comme-nouvel-administrateur-du-pnud\/"},"author":{"name":"admin","@id":"https:\/\/apnu.be\/#\/schema\/person\/b1f84938ddb401b1df0d87b68855f7cc"},"headline":"Alexander De\u00a0Croo nomm\u00e9 comme nouvel Administrateur du PNUD","datePublished":"2025-11-20T11:25:17+00:00","dateModified":"2026-03-14T16:23:23+00:00","mainEntityOfPage":{"@id":"https:\/\/apnu.be\/index.php\/2025\/11\/20\/alexander-de-croo-nomme-comme-nouvel-administrateur-du-pnud\/"},"wordCount":540,"commentCount":0,"image":{"@id":"https:\/\/apnu.be\/index.php\/2025\/11\/20\/alexander-de-croo-nomme-comme-nouvel-administrateur-du-pnud\/#primaryimage"},"thumbnailUrl":"https:\/\/apnu.be\/wp-content\/uploads\/2025\/11\/UNDP-Logo_1.png","articleSection":["Actualit\u00e9"],"inLanguage":"fr-FR","potentialAction":[{"@type":"CommentAction","name":"Comment","target":["https:\/\/apnu.be\/index.php\/2025\/11\/20\/alexander-de-croo-nomme-comme-nouvel-administrateur-du-pnud\/#respond"]}]},{"@type":"WebPage","@id":"https:\/\/apnu.be\/index.php\/2025\/11\/20\/alexander-de-croo-nomme-comme-nouvel-administrateur-du-pnud\/","url":"https:\/\/apnu.be\/index.php\/2025\/11\/20\/alexander-de-croo-nomme-comme-nouvel-administrateur-du-pnud\/","name":"Alexander De\u00a0Croo nomm\u00e9 comme nouvel Administrateur du PNUD - APNU","isPartOf":{"@id":"https:\/\/apnu.be\/#website"},"primaryImageOfPage":{"@id":"https:\/\/apnu.be\/index.php\/2025\/11\/20\/alexander-de-croo-nomme-comme-nouvel-administrateur-du-pnud\/#primaryimage"},"image":{"@id":"https:\/\/apnu.be\/index.php\/2025\/11\/20\/alexander-de-croo-nomme-comme-nouvel-administrateur-du-pnud\/#primaryimage"},"thumbnailUrl":"https:\/\/apnu.be\/wp-content\/uploads\/2025\/11\/UNDP-Logo_1.png","datePublished":"2025-11-20T11:25:17+00:00","dateModified":"2026-03-14T16:23:23+00:00","author":{"@id":"https:\/\/apnu.be\/#\/schema\/person\/b1f84938ddb401b1df0d87b68855f7cc"},"breadcrumb":{"@id":"https:\/\/apnu.be\/index.php\/2025\/11\/20\/alexander-de-croo-nomme-comme-nouvel-administrateur-du-pnud\/#breadcrumb"},"inLanguage":"fr-FR","potentialAction":[{"@type":"ReadAction","target":["https:\/\/apnu.be\/index.php\/2025\/11\/20\/alexander-de-croo-nomme-comme-nouvel-administrateur-du-pnud\/"]}]},{"@type":"ImageObject","inLanguage":"fr-FR","@id":"https:\/\/apnu.be\/index.php\/2025\/11\/20\/alexander-de-croo-nomme-comme-nouvel-administrateur-du-pnud\/#primaryimage","url":"https:\/\/apnu.be\/wp-content\/uploads\/2025\/11\/UNDP-Logo_1.png","contentUrl":"https:\/\/apnu.be\/wp-content\/uploads\/2025\/11\/UNDP-Logo_1.png","width":900,"height":600},{"@type":"BreadcrumbList","@id":"https:\/\/apnu.be\/index.php\/2025\/11\/20\/alexander-de-croo-nomme-comme-nouvel-administrateur-du-pnud\/#breadcrumb","itemListElement":[{"@type":"ListItem","position":1,"name":"Accueil","item":"https:\/\/apnu.be\/"},{"@type":"ListItem","position":2,"name":"Alexander De\u00a0Croo nomm\u00e9 comme nouvel Administrateur du PNUD"}]},{"@type":"WebSite","@id":"https:\/\/apnu.be\/#website","url":"https:\/\/apnu.be\/","name":"APNU","description":"L\u2019Association pour les Nations Unies (A.P.N.U.). Association sans but lucratif (A.S.B.L.)","potentialAction":[{"@type":"SearchAction","target":{"@type":"EntryPoint","urlTemplate":"https:\/\/apnu.be\/?s={search_term_string}"},"query-input":{"@type":"PropertyValueSpecification","valueRequired":true,"valueName":"search_term_string"}}],"inLanguage":"fr-FR"},{"@type":"Person","@id":"https:\/\/apnu.be\/#\/schema\/person\/b1f84938ddb401b1df0d87b68855f7cc","name":"admin","image":{"@type":"ImageObject","inLanguage":"fr-FR","@id":"https:\/\/secure.gravatar.com\/avatar\/e89e9f208d845f01122de42fcf3a35cf929bcb0deb840a867065b8f580c96a66?s=96&d=mm&r=g","url":"https:\/\/secure.gravatar.com\/avatar\/e89e9f208d845f01122de42fcf3a35cf929bcb0deb840a867065b8f580c96a66?s=96&d=mm&r=g","contentUrl":"https:\/\/secure.gravatar.com\/avatar\/e89e9f208d845f01122de42fcf3a35cf929bcb0deb840a867065b8f580c96a66?s=96&d=mm&r=g","caption":"admin"},"url":"https:\/\/apnu.be\/index.php\/author\/admin\/"}]}},"jetpack_featured_media_url":"https:\/\/apnu.be\/wp-content\/uploads\/2025\/11\/UNDP-Logo_1.png","jetpack_sharing_enabled":true,"_links":{"self":[{"href":"https:\/\/apnu.be\/index.php\/wp-json\/wp\/v2\/posts\/10675","targetHints":{"allow":["GET"]}}],"collection":[{"href":"https:\/\/apnu.be\/index.php\/wp-json\/wp\/v2\/posts"}],"about":[{"href":"https:\/\/apnu.be\/index.php\/wp-json\/wp\/v2\/types\/post"}],"author":[{"embeddable":true,"href":"https:\/\/apnu.be\/index.php\/wp-json\/wp\/v2\/users\/1"}],"replies":[{"embeddable":true,"href":"https:\/\/apnu.be\/index.php\/wp-json\/wp\/v2\/comments?post=10675"}],"version-history":[{"count":1,"href":"https:\/\/apnu.be\/index.php\/wp-json\/wp\/v2\/posts\/10675\/revisions"}],"predecessor-version":[{"id":10677,"href":"https:\/\/apnu.be\/index.php\/wp-json\/wp\/v2\/posts\/10675\/revisions\/10677"}],"wp:featuredmedia":[{"embeddable":true,"href":"https:\/\/apnu.be\/index.php\/wp-json\/wp\/v2\/media\/10676"}],"wp:attachment":[{"href":"https:\/\/apnu.be\/index.php\/wp-json\/wp\/v2\/media?parent=10675"}],"wp:term":[{"taxonomy":"category","embeddable":true,"href":"https:\/\/apnu.be\/index.php\/wp-json\/wp\/v2\/categories?post=10675"},{"taxonomy":"post_tag","embeddable":true,"href":"https:\/\/apnu.be\/index.php\/wp-json\/wp\/v2\/tags?post=10675"}],"curies":[{"name":"wp","href":"https:\/\/api.w.org\/{rel}","templated":true}]}}