{"id":10401,"date":"2025-03-28T19:33:42","date_gmt":"2025-03-28T18:33:42","guid":{"rendered":"https:\/\/apnu.be\/?p=10401"},"modified":"2025-03-31T21:19:13","modified_gmt":"2025-03-31T19:19:13","slug":"conflit-israel-hamas-situation-alarmante-a-gaza-et-en-cisjordanie","status":"publish","type":"post","link":"https:\/\/apnu.be\/index.php\/2025\/03\/28\/conflit-israel-hamas-situation-alarmante-a-gaza-et-en-cisjordanie\/","title":{"rendered":"Conflit Isra\u00ebl-Hamas: Situation alarmante \u00e0 Gaza et en Cisjordanie"},"content":{"rendered":"\n<p><strong>L\u2019annonce de nouvelles frappes a\u00e9riennes et les bombardements isra\u00e9liens&nbsp; la nuit du 18 mars \u00e0 Gaza, a horrifi\u00e9 le monde entier.&nbsp; Les premiers rapports font \u00e9tat de plus de 300 morts y compris 2 morts et six bless\u00e9s parmi les travailleurs humanitaires de l\u2019ONU (UNOPS\/UNRWA) qui sont une nouvelle fois touch\u00e9s&nbsp;<\/strong>&nbsp;<\/p>\n\n\n\n<p>Depuis le 30 janvier 2025, l\u2019UNRWA est confront\u00e9e \u00e0 des d\u00e9fis sans pr\u00e9c\u00e9dent pour maintenir ses op\u00e9rations \u00e0 Gaza et en Cisjordanie. La l\u00e9gislation isra\u00e9lienne entravant sa capacit\u00e9 de fournir une assistance essentielle est entr\u00e9e en vigueur. Le gouvernement isra\u00e9lien bloque pour sa part l\u2019acheminement de l\u2019aide humanitaire \u00e0 Gaza, au m\u00e9pris de ses obligations internationales, dans l\u2019intention de faire pression sur le Hamas.\u202f&nbsp;<a target=\"_blank\" rel=\"noreferrer noopener\" href=\"https:\/\/news.un.org\/en\/story\/2025\/03\/1161651\">UN News<\/a><\/p>\n\n\n\n<p>C\u2019est la premi\u00e8re fois qu\u2019une agence humanitaire des Nations Unies se voit officiellement interdire de remplir sa mission. Le 30 janvier 2025 est \u202fentr\u00e9e en vigueur la l\u00e9gislation isra\u00e9lienne interdisant \u00e0 l\u2019UNRWA d\u2019op\u00e9rer en Isra\u00ebl, y compris \u00e0 J\u00e9rusalem, ainsi que les contacts et la coordination de l\u2019agence avec les repr\u00e9sentants des autorit\u00e9s civiles et militaires isra\u00e9liennes. Le bureau de l\u2019UNRWA \u00e0 J\u00e9rusalem a d\u00fb fermer et tout son personnel international a \u00e9t\u00e9 contraint de partir.\u00a0<\/p>\n\n\n\n<p>L\u2019UNRWA a toutefois affirm\u00e9 sa d\u00e9termination \u00e0 maintenir son assistance \u00e0 Gaza, notamment l\u2019aide alimentaire et les centres de soins. En Cisjordanie les \u00e9coles et services essentiels de l\u2019UNRWA se maintiennent dans la mesure du possible, mais des interventions militaires isra\u00e9liennes, notamment dans les \u00e9coles, viennent perturber leur s\u00e9curit\u00e9 et leur fonctionnement.\u202f&nbsp;<\/p>\n\n\n\n<p>Les perspectives politiques n\u2019incitent pas \u00e0 l\u2019optimisme. \u202fLa reprise des bombardements sur Gaza a mis \u00e0 mal un cessez-le-feu d\u00e9j\u00e0 fragile, et compromis les chances de lib\u00e9ration des otages.&nbsp;&nbsp;<\/p>\n\n\n\n<p>En r\u00e9ponse au projet de Riviera sans Gazaouis du Pr\u00e9sident Trump, les dirigeants arabes r\u00e9unis en Sommet au Caire ont adopt\u00e9 un plan de reconstruction de Gaza. La bande de Gaza serait administr\u00e9e durant une p\u00e9riode transitoire par un comit\u00e9 de technocrates palestiniens, avant que l\u2019Autorit\u00e9 palestinienne n\u2019en reprenne le contr\u00f4le. Le Hamas se verrait \u00e9cart\u00e9.\u202f&nbsp;<\/p>\n\n\n\n<p>Le Sommet a aussi exhort\u00e9 le Conseil de s\u00e9curit\u00e9 \u00e0 \u00ab d\u00e9ployer des forces internationales de maintien de la paix pour contribuer \u00e0 assurer la s\u00e9curit\u00e9 des peuples palestinien et isra\u00e9lien aussi bien en Cisjordanie qu\u2019\u00e0 Gaza dans le cadre d\u2019une perspective politique menant \u00e0 la cr\u00e9ation d\u2019un \u00c9tat palestinien \u00bb.&nbsp;<\/p>\n\n\n\n<p>Dans un communiqu\u00e9 commun diffus\u00e9 \u00e0 Berlin, l&rsquo;<a href=\"https:\/\/www.france24.com\/fr\/tag\/allemagne\/\" target=\"_blank\" rel=\"noreferrer noopener\"><u>Allemagne<\/u><\/a>, la\u202f<a href=\"https:\/\/www.france24.com\/fr\/tag\/france\/\" target=\"_blank\" rel=\"noreferrer noopener\"><u>France<\/u><\/a>, le\u202f<a href=\"https:\/\/www.france24.com\/fr\/tag\/royaume-uni\/\" target=\"_blank\" rel=\"noreferrer noopener\"><u>Royaume-Uni<\/u><\/a>\u202fet l&rsquo;<a href=\"https:\/\/www.france24.com\/fr\/tag\/italie\/\" target=\"_blank\" rel=\"noreferrer noopener\"><u>Italie<\/u><\/a>\u202font \u00ab\u00a0salu\u00e9\u00a0\u00bb ce plan pour Gaza, qui pr\u00e9sente \u00ab\u00a0une voie r\u00e9aliste vers la reconstruction de Gaza\u00a0\u00bb. Ce plan a cependant peu de chance de voir le jour.&nbsp;Les \u00c9tats-Unies et Israel l&rsquo;ont pour leur part d\u00e9ja rejet\u00e9.<\/p>\n\n\n\n<p><strong><em>Christine Van Nieuwenhuyse<\/em><\/strong><\/p>\n","protected":false},"excerpt":{"rendered":"<p>L\u2019annonce de nouvelles frappes a\u00e9riennes et les bombardements isra\u00e9liens&nbsp; la nuit du 18 mars \u00e0&#8230;<\/p>\n","protected":false},"author":1,"featured_media":10253,"comment_status":"open","ping_status":"open","sticky":false,"template":"","format":"standard","meta":{"_jetpack_memberships_contains_paid_content":false,"footnotes":""},"categories":[118],"tags":[],"class_list":["post-10401","post","type-post","status-publish","format-standard","has-post-thumbnail","hentry","category-articles"],"yoast_head":"<!-- This site is optimized with the Yoast SEO plugin v27.4 - https:\/\/yoast.com\/product\/yoast-seo-wordpress\/ -->\n<title>Conflit Isra\u00ebl-Hamas: Situation alarmante \u00e0 Gaza et en Cisjordanie - APNU<\/title>\n<meta name=\"robots\" content=\"index, follow, max-snippet:-1, max-image-preview:large, max-video-preview:-1\" \/>\n<link rel=\"canonical\" href=\"https:\/\/apnu.be\/index.php\/2025\/03\/28\/conflit-israel-hamas-situation-alarmante-a-gaza-et-en-cisjordanie\/\" \/>\n<meta property=\"og:locale\" content=\"fr_FR\" \/>\n<meta property=\"og:type\" content=\"article\" \/>\n<meta property=\"og:title\" content=\"Conflit Isra\u00ebl-Hamas: Situation alarmante \u00e0 Gaza et en Cisjordanie - APNU\" \/>\n<meta property=\"og:description\" content=\"L\u2019annonce de nouvelles frappes a\u00e9riennes et les bombardements isra\u00e9liens&nbsp; la nuit du 18 mars \u00e0...\" \/>\n<meta property=\"og:url\" content=\"https:\/\/apnu.be\/index.php\/2025\/03\/28\/conflit-israel-hamas-situation-alarmante-a-gaza-et-en-cisjordanie\/\" \/>\n<meta property=\"og:site_name\" content=\"APNU\" \/>\n<meta property=\"article:published_time\" content=\"2025-03-28T18:33:42+00:00\" \/>\n<meta property=\"article:modified_time\" content=\"2025-03-31T19:19:13+00:00\" \/>\n<meta property=\"og:image\" content=\"https:\/\/apnu.be\/wp-content\/uploads\/2024\/06\/PHOTOS-BULLETIN-12.png\" \/>\n\t<meta property=\"og:image:width\" content=\"1640\" \/>\n\t<meta property=\"og:image:height\" content=\"924\" \/>\n\t<meta property=\"og:image:type\" content=\"image\/png\" \/>\n<meta name=\"author\" content=\"admin\" \/>\n<meta name=\"twitter:card\" content=\"summary_large_image\" \/>\n<meta name=\"twitter:label1\" content=\"\u00c9crit par\" \/>\n\t<meta name=\"twitter:data1\" content=\"admin\" \/>\n\t<meta name=\"twitter:label2\" content=\"Dur\u00e9e de lecture estim\u00e9e\" \/>\n\t<meta name=\"twitter:data2\" content=\"3 minutes\" \/>\n<script type=\"application\/ld+json\" class=\"yoast-schema-graph\">{\"@context\":\"https:\\\/\\\/schema.org\",\"@graph\":[{\"@type\":\"Article\",\"@id\":\"https:\\\/\\\/apnu.be\\\/index.php\\\/2025\\\/03\\\/28\\\/conflit-israel-hamas-situation-alarmante-a-gaza-et-en-cisjordanie\\\/#article\",\"isPartOf\":{\"@id\":\"https:\\\/\\\/apnu.be\\\/index.php\\\/2025\\\/03\\\/28\\\/conflit-israel-hamas-situation-alarmante-a-gaza-et-en-cisjordanie\\\/\"},\"author\":{\"name\":\"admin\",\"@id\":\"https:\\\/\\\/apnu.be\\\/#\\\/schema\\\/person\\\/b1f84938ddb401b1df0d87b68855f7cc\"},\"headline\":\"Conflit Isra\u00ebl-Hamas: Situation alarmante \u00e0 Gaza et en Cisjordanie\",\"datePublished\":\"2025-03-28T18:33:42+00:00\",\"dateModified\":\"2025-03-31T19:19:13+00:00\",\"mainEntityOfPage\":{\"@id\":\"https:\\\/\\\/apnu.be\\\/index.php\\\/2025\\\/03\\\/28\\\/conflit-israel-hamas-situation-alarmante-a-gaza-et-en-cisjordanie\\\/\"},\"wordCount\":500,\"commentCount\":0,\"image\":{\"@id\":\"https:\\\/\\\/apnu.be\\\/index.php\\\/2025\\\/03\\\/28\\\/conflit-israel-hamas-situation-alarmante-a-gaza-et-en-cisjordanie\\\/#primaryimage\"},\"thumbnailUrl\":\"https:\\\/\\\/apnu.be\\\/wp-content\\\/uploads\\\/2024\\\/06\\\/PHOTOS-BULLETIN-12.png\",\"articleSection\":[\"Articles\"],\"inLanguage\":\"fr-FR\",\"potentialAction\":[{\"@type\":\"CommentAction\",\"name\":\"Comment\",\"target\":[\"https:\\\/\\\/apnu.be\\\/index.php\\\/2025\\\/03\\\/28\\\/conflit-israel-hamas-situation-alarmante-a-gaza-et-en-cisjordanie\\\/#respond\"]}]},{\"@type\":\"WebPage\",\"@id\":\"https:\\\/\\\/apnu.be\\\/index.php\\\/2025\\\/03\\\/28\\\/conflit-israel-hamas-situation-alarmante-a-gaza-et-en-cisjordanie\\\/\",\"url\":\"https:\\\/\\\/apnu.be\\\/index.php\\\/2025\\\/03\\\/28\\\/conflit-israel-hamas-situation-alarmante-a-gaza-et-en-cisjordanie\\\/\",\"name\":\"Conflit Isra\u00ebl-Hamas: Situation alarmante \u00e0 Gaza et en Cisjordanie - APNU\",\"isPartOf\":{\"@id\":\"https:\\\/\\\/apnu.be\\\/#website\"},\"primaryImageOfPage\":{\"@id\":\"https:\\\/\\\/apnu.be\\\/index.php\\\/2025\\\/03\\\/28\\\/conflit-israel-hamas-situation-alarmante-a-gaza-et-en-cisjordanie\\\/#primaryimage\"},\"image\":{\"@id\":\"https:\\\/\\\/apnu.be\\\/index.php\\\/2025\\\/03\\\/28\\\/conflit-israel-hamas-situation-alarmante-a-gaza-et-en-cisjordanie\\\/#primaryimage\"},\"thumbnailUrl\":\"https:\\\/\\\/apnu.be\\\/wp-content\\\/uploads\\\/2024\\\/06\\\/PHOTOS-BULLETIN-12.png\",\"datePublished\":\"2025-03-28T18:33:42+00:00\",\"dateModified\":\"2025-03-31T19:19:13+00:00\",\"author\":{\"@id\":\"https:\\\/\\\/apnu.be\\\/#\\\/schema\\\/person\\\/b1f84938ddb401b1df0d87b68855f7cc\"},\"breadcrumb\":{\"@id\":\"https:\\\/\\\/apnu.be\\\/index.php\\\/2025\\\/03\\\/28\\\/conflit-israel-hamas-situation-alarmante-a-gaza-et-en-cisjordanie\\\/#breadcrumb\"},\"inLanguage\":\"fr-FR\",\"potentialAction\":[{\"@type\":\"ReadAction\",\"target\":[\"https:\\\/\\\/apnu.be\\\/index.php\\\/2025\\\/03\\\/28\\\/conflit-israel-hamas-situation-alarmante-a-gaza-et-en-cisjordanie\\\/\"]}]},{\"@type\":\"ImageObject\",\"inLanguage\":\"fr-FR\",\"@id\":\"https:\\\/\\\/apnu.be\\\/index.php\\\/2025\\\/03\\\/28\\\/conflit-israel-hamas-situation-alarmante-a-gaza-et-en-cisjordanie\\\/#primaryimage\",\"url\":\"https:\\\/\\\/apnu.be\\\/wp-content\\\/uploads\\\/2024\\\/06\\\/PHOTOS-BULLETIN-12.png\",\"contentUrl\":\"https:\\\/\\\/apnu.be\\\/wp-content\\\/uploads\\\/2024\\\/06\\\/PHOTOS-BULLETIN-12.png\",\"width\":1640,\"height\":924},{\"@type\":\"BreadcrumbList\",\"@id\":\"https:\\\/\\\/apnu.be\\\/index.php\\\/2025\\\/03\\\/28\\\/conflit-israel-hamas-situation-alarmante-a-gaza-et-en-cisjordanie\\\/#breadcrumb\",\"itemListElement\":[{\"@type\":\"ListItem\",\"position\":1,\"name\":\"Accueil\",\"item\":\"https:\\\/\\\/apnu.be\\\/\"},{\"@type\":\"ListItem\",\"position\":2,\"name\":\"Conflit Isra\u00ebl-Hamas: Situation alarmante \u00e0 Gaza et en Cisjordanie\"}]},{\"@type\":\"WebSite\",\"@id\":\"https:\\\/\\\/apnu.be\\\/#website\",\"url\":\"https:\\\/\\\/apnu.be\\\/\",\"name\":\"APNU\",\"description\":\"L\u2019Association pour les Nations Unies (A.P.N.U.). Association sans but lucratif (A.S.B.L.)\",\"potentialAction\":[{\"@type\":\"SearchAction\",\"target\":{\"@type\":\"EntryPoint\",\"urlTemplate\":\"https:\\\/\\\/apnu.be\\\/?s={search_term_string}\"},\"query-input\":{\"@type\":\"PropertyValueSpecification\",\"valueRequired\":true,\"valueName\":\"search_term_string\"}}],\"inLanguage\":\"fr-FR\"},{\"@type\":\"Person\",\"@id\":\"https:\\\/\\\/apnu.be\\\/#\\\/schema\\\/person\\\/b1f84938ddb401b1df0d87b68855f7cc\",\"name\":\"admin\",\"image\":{\"@type\":\"ImageObject\",\"inLanguage\":\"fr-FR\",\"@id\":\"https:\\\/\\\/secure.gravatar.com\\\/avatar\\\/e89e9f208d845f01122de42fcf3a35cf929bcb0deb840a867065b8f580c96a66?s=96&d=mm&r=g\",\"url\":\"https:\\\/\\\/secure.gravatar.com\\\/avatar\\\/e89e9f208d845f01122de42fcf3a35cf929bcb0deb840a867065b8f580c96a66?s=96&d=mm&r=g\",\"contentUrl\":\"https:\\\/\\\/secure.gravatar.com\\\/avatar\\\/e89e9f208d845f01122de42fcf3a35cf929bcb0deb840a867065b8f580c96a66?s=96&d=mm&r=g\",\"caption\":\"admin\"},\"url\":\"https:\\\/\\\/apnu.be\\\/index.php\\\/author\\\/admin\\\/\"}]}<\/script>\n<!-- \/ Yoast SEO plugin. -->","yoast_head_json":{"title":"Conflit Isra\u00ebl-Hamas: Situation alarmante \u00e0 Gaza et en Cisjordanie - APNU","robots":{"index":"index","follow":"follow","max-snippet":"max-snippet:-1","max-image-preview":"max-image-preview:large","max-video-preview":"max-video-preview:-1"},"canonical":"https:\/\/apnu.be\/index.php\/2025\/03\/28\/conflit-israel-hamas-situation-alarmante-a-gaza-et-en-cisjordanie\/","og_locale":"fr_FR","og_type":"article","og_title":"Conflit Isra\u00ebl-Hamas: Situation alarmante \u00e0 Gaza et en Cisjordanie - APNU","og_description":"L\u2019annonce de nouvelles frappes a\u00e9riennes et les bombardements isra\u00e9liens&nbsp; la nuit du 18 mars \u00e0...","og_url":"https:\/\/apnu.be\/index.php\/2025\/03\/28\/conflit-israel-hamas-situation-alarmante-a-gaza-et-en-cisjordanie\/","og_site_name":"APNU","article_published_time":"2025-03-28T18:33:42+00:00","article_modified_time":"2025-03-31T19:19:13+00:00","og_image":[{"width":1640,"height":924,"url":"https:\/\/apnu.be\/wp-content\/uploads\/2024\/06\/PHOTOS-BULLETIN-12.png","type":"image\/png"}],"author":"admin","twitter_card":"summary_large_image","twitter_misc":{"\u00c9crit par":"admin","Dur\u00e9e de lecture estim\u00e9e":"3 minutes"},"schema":{"@context":"https:\/\/schema.org","@graph":[{"@type":"Article","@id":"https:\/\/apnu.be\/index.php\/2025\/03\/28\/conflit-israel-hamas-situation-alarmante-a-gaza-et-en-cisjordanie\/#article","isPartOf":{"@id":"https:\/\/apnu.be\/index.php\/2025\/03\/28\/conflit-israel-hamas-situation-alarmante-a-gaza-et-en-cisjordanie\/"},"author":{"name":"admin","@id":"https:\/\/apnu.be\/#\/schema\/person\/b1f84938ddb401b1df0d87b68855f7cc"},"headline":"Conflit Isra\u00ebl-Hamas: Situation alarmante \u00e0 Gaza et en Cisjordanie","datePublished":"2025-03-28T18:33:42+00:00","dateModified":"2025-03-31T19:19:13+00:00","mainEntityOfPage":{"@id":"https:\/\/apnu.be\/index.php\/2025\/03\/28\/conflit-israel-hamas-situation-alarmante-a-gaza-et-en-cisjordanie\/"},"wordCount":500,"commentCount":0,"image":{"@id":"https:\/\/apnu.be\/index.php\/2025\/03\/28\/conflit-israel-hamas-situation-alarmante-a-gaza-et-en-cisjordanie\/#primaryimage"},"thumbnailUrl":"https:\/\/apnu.be\/wp-content\/uploads\/2024\/06\/PHOTOS-BULLETIN-12.png","articleSection":["Articles"],"inLanguage":"fr-FR","potentialAction":[{"@type":"CommentAction","name":"Comment","target":["https:\/\/apnu.be\/index.php\/2025\/03\/28\/conflit-israel-hamas-situation-alarmante-a-gaza-et-en-cisjordanie\/#respond"]}]},{"@type":"WebPage","@id":"https:\/\/apnu.be\/index.php\/2025\/03\/28\/conflit-israel-hamas-situation-alarmante-a-gaza-et-en-cisjordanie\/","url":"https:\/\/apnu.be\/index.php\/2025\/03\/28\/conflit-israel-hamas-situation-alarmante-a-gaza-et-en-cisjordanie\/","name":"Conflit Isra\u00ebl-Hamas: Situation alarmante \u00e0 Gaza et en Cisjordanie - APNU","isPartOf":{"@id":"https:\/\/apnu.be\/#website"},"primaryImageOfPage":{"@id":"https:\/\/apnu.be\/index.php\/2025\/03\/28\/conflit-israel-hamas-situation-alarmante-a-gaza-et-en-cisjordanie\/#primaryimage"},"image":{"@id":"https:\/\/apnu.be\/index.php\/2025\/03\/28\/conflit-israel-hamas-situation-alarmante-a-gaza-et-en-cisjordanie\/#primaryimage"},"thumbnailUrl":"https:\/\/apnu.be\/wp-content\/uploads\/2024\/06\/PHOTOS-BULLETIN-12.png","datePublished":"2025-03-28T18:33:42+00:00","dateModified":"2025-03-31T19:19:13+00:00","author":{"@id":"https:\/\/apnu.be\/#\/schema\/person\/b1f84938ddb401b1df0d87b68855f7cc"},"breadcrumb":{"@id":"https:\/\/apnu.be\/index.php\/2025\/03\/28\/conflit-israel-hamas-situation-alarmante-a-gaza-et-en-cisjordanie\/#breadcrumb"},"inLanguage":"fr-FR","potentialAction":[{"@type":"ReadAction","target":["https:\/\/apnu.be\/index.php\/2025\/03\/28\/conflit-israel-hamas-situation-alarmante-a-gaza-et-en-cisjordanie\/"]}]},{"@type":"ImageObject","inLanguage":"fr-FR","@id":"https:\/\/apnu.be\/index.php\/2025\/03\/28\/conflit-israel-hamas-situation-alarmante-a-gaza-et-en-cisjordanie\/#primaryimage","url":"https:\/\/apnu.be\/wp-content\/uploads\/2024\/06\/PHOTOS-BULLETIN-12.png","contentUrl":"https:\/\/apnu.be\/wp-content\/uploads\/2024\/06\/PHOTOS-BULLETIN-12.png","width":1640,"height":924},{"@type":"BreadcrumbList","@id":"https:\/\/apnu.be\/index.php\/2025\/03\/28\/conflit-israel-hamas-situation-alarmante-a-gaza-et-en-cisjordanie\/#breadcrumb","itemListElement":[{"@type":"ListItem","position":1,"name":"Accueil","item":"https:\/\/apnu.be\/"},{"@type":"ListItem","position":2,"name":"Conflit Isra\u00ebl-Hamas: Situation alarmante \u00e0 Gaza et en Cisjordanie"}]},{"@type":"WebSite","@id":"https:\/\/apnu.be\/#website","url":"https:\/\/apnu.be\/","name":"APNU","description":"L\u2019Association pour les Nations Unies (A.P.N.U.). Association sans but lucratif (A.S.B.L.)","potentialAction":[{"@type":"SearchAction","target":{"@type":"EntryPoint","urlTemplate":"https:\/\/apnu.be\/?s={search_term_string}"},"query-input":{"@type":"PropertyValueSpecification","valueRequired":true,"valueName":"search_term_string"}}],"inLanguage":"fr-FR"},{"@type":"Person","@id":"https:\/\/apnu.be\/#\/schema\/person\/b1f84938ddb401b1df0d87b68855f7cc","name":"admin","image":{"@type":"ImageObject","inLanguage":"fr-FR","@id":"https:\/\/secure.gravatar.com\/avatar\/e89e9f208d845f01122de42fcf3a35cf929bcb0deb840a867065b8f580c96a66?s=96&d=mm&r=g","url":"https:\/\/secure.gravatar.com\/avatar\/e89e9f208d845f01122de42fcf3a35cf929bcb0deb840a867065b8f580c96a66?s=96&d=mm&r=g","contentUrl":"https:\/\/secure.gravatar.com\/avatar\/e89e9f208d845f01122de42fcf3a35cf929bcb0deb840a867065b8f580c96a66?s=96&d=mm&r=g","caption":"admin"},"url":"https:\/\/apnu.be\/index.php\/author\/admin\/"}]}},"jetpack_featured_media_url":"https:\/\/apnu.be\/wp-content\/uploads\/2024\/06\/PHOTOS-BULLETIN-12.png","jetpack_sharing_enabled":true,"_links":{"self":[{"href":"https:\/\/apnu.be\/index.php\/wp-json\/wp\/v2\/posts\/10401","targetHints":{"allow":["GET"]}}],"collection":[{"href":"https:\/\/apnu.be\/index.php\/wp-json\/wp\/v2\/posts"}],"about":[{"href":"https:\/\/apnu.be\/index.php\/wp-json\/wp\/v2\/types\/post"}],"author":[{"embeddable":true,"href":"https:\/\/apnu.be\/index.php\/wp-json\/wp\/v2\/users\/1"}],"replies":[{"embeddable":true,"href":"https:\/\/apnu.be\/index.php\/wp-json\/wp\/v2\/comments?post=10401"}],"version-history":[{"count":4,"href":"https:\/\/apnu.be\/index.php\/wp-json\/wp\/v2\/posts\/10401\/revisions"}],"predecessor-version":[{"id":10433,"href":"https:\/\/apnu.be\/index.php\/wp-json\/wp\/v2\/posts\/10401\/revisions\/10433"}],"wp:featuredmedia":[{"embeddable":true,"href":"https:\/\/apnu.be\/index.php\/wp-json\/wp\/v2\/media\/10253"}],"wp:attachment":[{"href":"https:\/\/apnu.be\/index.php\/wp-json\/wp\/v2\/media?parent=10401"}],"wp:term":[{"taxonomy":"category","embeddable":true,"href":"https:\/\/apnu.be\/index.php\/wp-json\/wp\/v2\/categories?post=10401"},{"taxonomy":"post_tag","embeddable":true,"href":"https:\/\/apnu.be\/index.php\/wp-json\/wp\/v2\/tags?post=10401"}],"curies":[{"name":"wp","href":"https:\/\/api.w.org\/{rel}","templated":true}]}}