{"id":10082,"date":"2023-07-12T15:00:47","date_gmt":"2023-07-12T13:00:47","guid":{"rendered":"https:\/\/apnu.be\/?p=10082"},"modified":"2025-11-11T10:04:25","modified_gmt":"2025-11-11T09:04:25","slug":"les-objectifs-de-developpement-durable-odd-risquent-de-ne-pas-etre-atteints","status":"publish","type":"post","link":"https:\/\/apnu.be\/index.php\/2023\/07\/12\/les-objectifs-de-developpement-durable-odd-risquent-de-ne-pas-etre-atteints\/","title":{"rendered":"Les objectifs de d\u00e9veloppement durable (ODD) risquent de ne pas \u00eatre atteints!"},"content":{"rendered":"\n<p>En 2015, les dirigeants mondiaux ont fait une promesse historique de garantir les droits et le bien-\u00eatre de chacun sur une plan\u00e8te saine et prosp\u00e8re lorsqu&rsquo;ils ont convenu du Programme de d\u00e9veloppement durable \u00e0 l&rsquo;horizon 2030 et de ses 17 ODD.&nbsp;<\/p>\n\n\n\n<p>Cependant, selon le<em>&nbsp;Rapport sur les objectifs de d\u00e9veloppement durable 2023 : \u00e9dition sp\u00e9ciale<\/em>&nbsp;(The&nbsp;<a href=\"https:\/\/www.un.org\/sustainabledevelopment\/sustainable-development-goals\/\">Sustainable Development Goals<\/a>&nbsp;Report 2023: Special Edition), les effets combin\u00e9s de la crise climatique, de la guerre en Ukraine, des sombres perspectives \u00e9conomiques mondiales et des effets persistants de la pand\u00e9mie de COVID-19 ont r\u00e9v\u00e9l\u00e9 des faiblesses syst\u00e9miques et consid\u00e9rablement entrav\u00e9 les progr\u00e8s vers les objectifs.<\/p>\n\n\n\n<p>Alors qu&rsquo;il ne reste que sept ans pour la mise en \u0153uvre des Objectifs, les enjeux sont \u00e9normes. En utilisant les derni\u00e8res donn\u00e9es et estimations disponibles, le rapport pr\u00e9sente une image qui donne \u00e0 r\u00e9fl\u00e9chir sur les ODD alors que le Forum politique de haut niveau sur le d\u00e9veloppement durable a lieu du 10 au 19 juillet. Le Forum, au cours duquel les pays pr\u00e9senteront des actions concr\u00e8tes men\u00e9es pour atteindre les ODD, pr\u00e9c\u00e8de le Sommet sur les ODD pr\u00e9vu en septembre, un moment d\u00e9cisif pour les dirigeants mondiaux pour inverser de toute urgence la tendance et relancer les ODD.<\/p>\n\n\n\n<h3 class=\"wp-block-heading\">Les ODD sont en p\u00e9ril<\/h3>\n\n\n\n<p>Sur les quelque 140 cibles pouvant \u00eatre \u00e9valu\u00e9es, la moiti\u00e9 d&rsquo;entre elles pr\u00e9sentent des d\u00e9viations mod\u00e9r\u00e9es ou s\u00e9v\u00e8res par rapport \u00e0 la trajectoire souhait\u00e9e. En outre, plus de 30% de ces objectifs n&rsquo;ont enregistr\u00e9 aucun progr\u00e8s ou, pire encore, une r\u00e9gression en dessous du niveau de r\u00e9f\u00e9rence de 2015.<\/p>\n\n\n\n<p>Selon le rapport, les effets de la pand\u00e9mie de&nbsp;<a href=\"https:\/\/www.un.org\/coronavirus\">COVID-19<\/a>&nbsp;ont bloqu\u00e9 trois d\u00e9cennies de progr\u00e8s constants dans la r\u00e9duction de l&rsquo;extr\u00eame pauvret\u00e9, le nombre de personnes vivant dans l&rsquo;extr\u00eame pauvret\u00e9 augmentant pour la premi\u00e8re fois depuis une g\u00e9n\u00e9ration. Si les tendances actuelles persistent, d&rsquo;ici 2030, 575 millions de personnes resteront pi\u00e9g\u00e9es dans l&rsquo;extr\u00eame pauvret\u00e9 et environ 84 millions d&rsquo;enfants et de jeunes ne seront toujours pas scolaris\u00e9s. Sur la base des donn\u00e9es recueillies en 2022 dans 119 pays, 56% des pays n&rsquo;avaient pas de lois interdisant la discrimination directe et indirecte \u00e0 l&rsquo;\u00e9gard des femmes. La hausse de la temp\u00e9rature mondiale a d\u00e9j\u00e0 atteint 1,1 \u00b0C au-dessus des niveaux pr\u00e9industriels et devrait atteindre ou d\u00e9passer le point de basculement critique de 1,5 \u00b0C d&rsquo;ici 2035.<\/p>\n\n\n\n<p>Le rapport avertit \u00e9galement que si l&rsquo;absence de progr\u00e8s est universelle, ce sont les plus pauvres et les plus vuln\u00e9rables qui subissent les pires effets de ces d\u00e9fis mondiaux sans pr\u00e9c\u00e9dent.<\/p>\n\n\n\n<h3 class=\"wp-block-heading\">De nouveaux progr\u00e8s sont possibles<\/h3>\n\n\n\n<p>Mais les progr\u00e8s dans certains domaines depuis 2015 illustrent le potentiel de nouvelles avanc\u00e9es. La part de la population mondiale ayant acc\u00e8s \u00e0 l&rsquo;\u00e9lectricit\u00e9 est pass\u00e9e de 87% en 2015 \u00e0 91% en 2021, avec pr\u00e8s de 800 millions de personnes suppl\u00e9mentaires connect\u00e9es.<\/p>\n\n\n\n<p>Le rapport montre \u00e9galement qu&rsquo;en 2021, 133 pays avaient d\u00e9j\u00e0 atteint la cible des ODD sur la mortalit\u00e9 des moins de 5 ans, et 13 autres devraient le faire d&rsquo;ici 2030. Malgr\u00e9 le ralentissement de la croissance mondiale du secteur de l\u2019industrie, les industries de moyenne-haute et haute technologie ont affich\u00e9 des taux de croissance robustes. Les pays en d\u00e9veloppement ont install\u00e9 une capacit\u00e9 de production d&rsquo;\u00e9nergie renouvelable record de 268&nbsp;watts par habitant en 2021. De plus, le nombre de personnes utilisant l\u2019Internet a augment\u00e9 de 65% depuis 2015, atteignant 5,3&nbsp;milliards de personnes dans le monde en 2022.<\/p>\n\n\n\n<p>Selon l\u2019ONU, ces gains importants en mati\u00e8re de d\u00e9veloppement d\u00e9montrent qu&rsquo;une perc\u00e9e vers un avenir meilleur pour tous est possible gr\u00e2ce \u00e0 la combinaison d&rsquo;une action collective et d&rsquo;une volont\u00e9 politique forte, et \u00e0 l&rsquo;utilisation efficace des technologies, des ressources et des connaissances disponibles. Cette avanc\u00e9e peut sortir des centaines de millions de personnes de la pauvret\u00e9, am\u00e9liorer l&rsquo;\u00e9galit\u00e9 des sexes et mettre le monde sur la voie de faibles \u00e9missions de gaz \u00e0 effet de serre d&rsquo;ici 2030. Le renforcement de la collecte des donn\u00e9es sera \u00e9galement essentiel pour comprendre o\u00f9 en est le monde et ce qui doit \u00eatre fait pour atteindre les ODD.<\/p>\n","protected":false},"excerpt":{"rendered":"<p>En 2015, les dirigeants mondiaux ont fait une promesse historique de garantir les droits et&#8230;<\/p>\n","protected":false},"author":1,"featured_media":7938,"comment_status":"open","ping_status":"open","sticky":false,"template":"","format":"standard","meta":{"_jetpack_memberships_contains_paid_content":false,"footnotes":""},"categories":[118],"tags":[],"class_list":["post-10082","post","type-post","status-publish","format-standard","has-post-thumbnail","hentry","category-articles"],"yoast_head":"<!-- This site is optimized with the Yoast SEO plugin v27.5 - https:\/\/yoast.com\/product\/yoast-seo-wordpress\/ -->\n<title>Les objectifs de d\u00e9veloppement durable (ODD) risquent de ne pas \u00eatre atteints! - APNU<\/title>\n<meta name=\"robots\" content=\"index, follow, max-snippet:-1, max-image-preview:large, max-video-preview:-1\" \/>\n<link rel=\"canonical\" href=\"https:\/\/apnu.be\/index.php\/2023\/07\/12\/les-objectifs-de-developpement-durable-odd-risquent-de-ne-pas-etre-atteints\/\" \/>\n<meta property=\"og:locale\" content=\"fr_FR\" \/>\n<meta property=\"og:type\" content=\"article\" \/>\n<meta property=\"og:title\" content=\"Les objectifs de d\u00e9veloppement durable (ODD) risquent de ne pas \u00eatre atteints! - APNU\" \/>\n<meta property=\"og:description\" content=\"En 2015, les dirigeants mondiaux ont fait une promesse historique de garantir les droits et...\" \/>\n<meta property=\"og:url\" content=\"https:\/\/apnu.be\/index.php\/2023\/07\/12\/les-objectifs-de-developpement-durable-odd-risquent-de-ne-pas-etre-atteints\/\" \/>\n<meta property=\"og:site_name\" content=\"APNU\" \/>\n<meta property=\"article:published_time\" content=\"2023-07-12T13:00:47+00:00\" \/>\n<meta property=\"article:modified_time\" content=\"2025-11-11T09:04:25+00:00\" \/>\n<meta property=\"og:image\" content=\"https:\/\/apnu.be\/wp-content\/uploads\/2019\/12\/ODD-FR.jpg\" \/>\n\t<meta property=\"og:image:width\" content=\"1024\" \/>\n\t<meta property=\"og:image:height\" content=\"683\" \/>\n\t<meta property=\"og:image:type\" content=\"image\/jpeg\" \/>\n<meta name=\"author\" content=\"admin\" \/>\n<meta name=\"twitter:card\" content=\"summary_large_image\" \/>\n<meta name=\"twitter:label1\" content=\"\u00c9crit par\" \/>\n\t<meta name=\"twitter:data1\" content=\"admin\" \/>\n\t<meta name=\"twitter:label2\" content=\"Dur\u00e9e de lecture estim\u00e9e\" \/>\n\t<meta name=\"twitter:data2\" content=\"4 minutes\" \/>\n<script type=\"application\/ld+json\" class=\"yoast-schema-graph\">{\"@context\":\"https:\\\/\\\/schema.org\",\"@graph\":[{\"@type\":\"Article\",\"@id\":\"https:\\\/\\\/apnu.be\\\/index.php\\\/2023\\\/07\\\/12\\\/les-objectifs-de-developpement-durable-odd-risquent-de-ne-pas-etre-atteints\\\/#article\",\"isPartOf\":{\"@id\":\"https:\\\/\\\/apnu.be\\\/index.php\\\/2023\\\/07\\\/12\\\/les-objectifs-de-developpement-durable-odd-risquent-de-ne-pas-etre-atteints\\\/\"},\"author\":{\"name\":\"admin\",\"@id\":\"https:\\\/\\\/apnu.be\\\/#\\\/schema\\\/person\\\/b1f84938ddb401b1df0d87b68855f7cc\"},\"headline\":\"Les objectifs de d\u00e9veloppement durable (ODD) risquent de ne pas \u00eatre atteints!\",\"datePublished\":\"2023-07-12T13:00:47+00:00\",\"dateModified\":\"2025-11-11T09:04:25+00:00\",\"mainEntityOfPage\":{\"@id\":\"https:\\\/\\\/apnu.be\\\/index.php\\\/2023\\\/07\\\/12\\\/les-objectifs-de-developpement-durable-odd-risquent-de-ne-pas-etre-atteints\\\/\"},\"wordCount\":749,\"commentCount\":0,\"image\":{\"@id\":\"https:\\\/\\\/apnu.be\\\/index.php\\\/2023\\\/07\\\/12\\\/les-objectifs-de-developpement-durable-odd-risquent-de-ne-pas-etre-atteints\\\/#primaryimage\"},\"thumbnailUrl\":\"https:\\\/\\\/apnu.be\\\/wp-content\\\/uploads\\\/2019\\\/12\\\/ODD-FR.jpg\",\"articleSection\":[\"Articles\"],\"inLanguage\":\"fr-FR\",\"potentialAction\":[{\"@type\":\"CommentAction\",\"name\":\"Comment\",\"target\":[\"https:\\\/\\\/apnu.be\\\/index.php\\\/2023\\\/07\\\/12\\\/les-objectifs-de-developpement-durable-odd-risquent-de-ne-pas-etre-atteints\\\/#respond\"]}]},{\"@type\":\"WebPage\",\"@id\":\"https:\\\/\\\/apnu.be\\\/index.php\\\/2023\\\/07\\\/12\\\/les-objectifs-de-developpement-durable-odd-risquent-de-ne-pas-etre-atteints\\\/\",\"url\":\"https:\\\/\\\/apnu.be\\\/index.php\\\/2023\\\/07\\\/12\\\/les-objectifs-de-developpement-durable-odd-risquent-de-ne-pas-etre-atteints\\\/\",\"name\":\"Les objectifs de d\u00e9veloppement durable (ODD) risquent de ne pas \u00eatre atteints! - APNU\",\"isPartOf\":{\"@id\":\"https:\\\/\\\/apnu.be\\\/#website\"},\"primaryImageOfPage\":{\"@id\":\"https:\\\/\\\/apnu.be\\\/index.php\\\/2023\\\/07\\\/12\\\/les-objectifs-de-developpement-durable-odd-risquent-de-ne-pas-etre-atteints\\\/#primaryimage\"},\"image\":{\"@id\":\"https:\\\/\\\/apnu.be\\\/index.php\\\/2023\\\/07\\\/12\\\/les-objectifs-de-developpement-durable-odd-risquent-de-ne-pas-etre-atteints\\\/#primaryimage\"},\"thumbnailUrl\":\"https:\\\/\\\/apnu.be\\\/wp-content\\\/uploads\\\/2019\\\/12\\\/ODD-FR.jpg\",\"datePublished\":\"2023-07-12T13:00:47+00:00\",\"dateModified\":\"2025-11-11T09:04:25+00:00\",\"author\":{\"@id\":\"https:\\\/\\\/apnu.be\\\/#\\\/schema\\\/person\\\/b1f84938ddb401b1df0d87b68855f7cc\"},\"breadcrumb\":{\"@id\":\"https:\\\/\\\/apnu.be\\\/index.php\\\/2023\\\/07\\\/12\\\/les-objectifs-de-developpement-durable-odd-risquent-de-ne-pas-etre-atteints\\\/#breadcrumb\"},\"inLanguage\":\"fr-FR\",\"potentialAction\":[{\"@type\":\"ReadAction\",\"target\":[\"https:\\\/\\\/apnu.be\\\/index.php\\\/2023\\\/07\\\/12\\\/les-objectifs-de-developpement-durable-odd-risquent-de-ne-pas-etre-atteints\\\/\"]}]},{\"@type\":\"ImageObject\",\"inLanguage\":\"fr-FR\",\"@id\":\"https:\\\/\\\/apnu.be\\\/index.php\\\/2023\\\/07\\\/12\\\/les-objectifs-de-developpement-durable-odd-risquent-de-ne-pas-etre-atteints\\\/#primaryimage\",\"url\":\"https:\\\/\\\/apnu.be\\\/wp-content\\\/uploads\\\/2019\\\/12\\\/ODD-FR.jpg\",\"contentUrl\":\"https:\\\/\\\/apnu.be\\\/wp-content\\\/uploads\\\/2019\\\/12\\\/ODD-FR.jpg\",\"width\":1024,\"height\":683},{\"@type\":\"BreadcrumbList\",\"@id\":\"https:\\\/\\\/apnu.be\\\/index.php\\\/2023\\\/07\\\/12\\\/les-objectifs-de-developpement-durable-odd-risquent-de-ne-pas-etre-atteints\\\/#breadcrumb\",\"itemListElement\":[{\"@type\":\"ListItem\",\"position\":1,\"name\":\"Accueil\",\"item\":\"https:\\\/\\\/apnu.be\\\/\"},{\"@type\":\"ListItem\",\"position\":2,\"name\":\"Les objectifs de d\u00e9veloppement durable (ODD) risquent de ne pas \u00eatre atteints!\"}]},{\"@type\":\"WebSite\",\"@id\":\"https:\\\/\\\/apnu.be\\\/#website\",\"url\":\"https:\\\/\\\/apnu.be\\\/\",\"name\":\"APNU\",\"description\":\"L\u2019Association pour les Nations Unies (A.P.N.U.). Association sans but lucratif (A.S.B.L.)\",\"potentialAction\":[{\"@type\":\"SearchAction\",\"target\":{\"@type\":\"EntryPoint\",\"urlTemplate\":\"https:\\\/\\\/apnu.be\\\/?s={search_term_string}\"},\"query-input\":{\"@type\":\"PropertyValueSpecification\",\"valueRequired\":true,\"valueName\":\"search_term_string\"}}],\"inLanguage\":\"fr-FR\"},{\"@type\":\"Person\",\"@id\":\"https:\\\/\\\/apnu.be\\\/#\\\/schema\\\/person\\\/b1f84938ddb401b1df0d87b68855f7cc\",\"name\":\"admin\",\"image\":{\"@type\":\"ImageObject\",\"inLanguage\":\"fr-FR\",\"@id\":\"https:\\\/\\\/secure.gravatar.com\\\/avatar\\\/e89e9f208d845f01122de42fcf3a35cf929bcb0deb840a867065b8f580c96a66?s=96&d=mm&r=g\",\"url\":\"https:\\\/\\\/secure.gravatar.com\\\/avatar\\\/e89e9f208d845f01122de42fcf3a35cf929bcb0deb840a867065b8f580c96a66?s=96&d=mm&r=g\",\"contentUrl\":\"https:\\\/\\\/secure.gravatar.com\\\/avatar\\\/e89e9f208d845f01122de42fcf3a35cf929bcb0deb840a867065b8f580c96a66?s=96&d=mm&r=g\",\"caption\":\"admin\"},\"url\":\"https:\\\/\\\/apnu.be\\\/index.php\\\/author\\\/admin\\\/\"}]}<\/script>\n<!-- \/ Yoast SEO plugin. -->","yoast_head_json":{"title":"Les objectifs de d\u00e9veloppement durable (ODD) risquent de ne pas \u00eatre atteints! - APNU","robots":{"index":"index","follow":"follow","max-snippet":"max-snippet:-1","max-image-preview":"max-image-preview:large","max-video-preview":"max-video-preview:-1"},"canonical":"https:\/\/apnu.be\/index.php\/2023\/07\/12\/les-objectifs-de-developpement-durable-odd-risquent-de-ne-pas-etre-atteints\/","og_locale":"fr_FR","og_type":"article","og_title":"Les objectifs de d\u00e9veloppement durable (ODD) risquent de ne pas \u00eatre atteints! - APNU","og_description":"En 2015, les dirigeants mondiaux ont fait une promesse historique de garantir les droits et...","og_url":"https:\/\/apnu.be\/index.php\/2023\/07\/12\/les-objectifs-de-developpement-durable-odd-risquent-de-ne-pas-etre-atteints\/","og_site_name":"APNU","article_published_time":"2023-07-12T13:00:47+00:00","article_modified_time":"2025-11-11T09:04:25+00:00","og_image":[{"width":1024,"height":683,"url":"https:\/\/apnu.be\/wp-content\/uploads\/2019\/12\/ODD-FR.jpg","type":"image\/jpeg"}],"author":"admin","twitter_card":"summary_large_image","twitter_misc":{"\u00c9crit par":"admin","Dur\u00e9e de lecture estim\u00e9e":"4 minutes"},"schema":{"@context":"https:\/\/schema.org","@graph":[{"@type":"Article","@id":"https:\/\/apnu.be\/index.php\/2023\/07\/12\/les-objectifs-de-developpement-durable-odd-risquent-de-ne-pas-etre-atteints\/#article","isPartOf":{"@id":"https:\/\/apnu.be\/index.php\/2023\/07\/12\/les-objectifs-de-developpement-durable-odd-risquent-de-ne-pas-etre-atteints\/"},"author":{"name":"admin","@id":"https:\/\/apnu.be\/#\/schema\/person\/b1f84938ddb401b1df0d87b68855f7cc"},"headline":"Les objectifs de d\u00e9veloppement durable (ODD) risquent de ne pas \u00eatre atteints!","datePublished":"2023-07-12T13:00:47+00:00","dateModified":"2025-11-11T09:04:25+00:00","mainEntityOfPage":{"@id":"https:\/\/apnu.be\/index.php\/2023\/07\/12\/les-objectifs-de-developpement-durable-odd-risquent-de-ne-pas-etre-atteints\/"},"wordCount":749,"commentCount":0,"image":{"@id":"https:\/\/apnu.be\/index.php\/2023\/07\/12\/les-objectifs-de-developpement-durable-odd-risquent-de-ne-pas-etre-atteints\/#primaryimage"},"thumbnailUrl":"https:\/\/apnu.be\/wp-content\/uploads\/2019\/12\/ODD-FR.jpg","articleSection":["Articles"],"inLanguage":"fr-FR","potentialAction":[{"@type":"CommentAction","name":"Comment","target":["https:\/\/apnu.be\/index.php\/2023\/07\/12\/les-objectifs-de-developpement-durable-odd-risquent-de-ne-pas-etre-atteints\/#respond"]}]},{"@type":"WebPage","@id":"https:\/\/apnu.be\/index.php\/2023\/07\/12\/les-objectifs-de-developpement-durable-odd-risquent-de-ne-pas-etre-atteints\/","url":"https:\/\/apnu.be\/index.php\/2023\/07\/12\/les-objectifs-de-developpement-durable-odd-risquent-de-ne-pas-etre-atteints\/","name":"Les objectifs de d\u00e9veloppement durable (ODD) risquent de ne pas \u00eatre atteints! - APNU","isPartOf":{"@id":"https:\/\/apnu.be\/#website"},"primaryImageOfPage":{"@id":"https:\/\/apnu.be\/index.php\/2023\/07\/12\/les-objectifs-de-developpement-durable-odd-risquent-de-ne-pas-etre-atteints\/#primaryimage"},"image":{"@id":"https:\/\/apnu.be\/index.php\/2023\/07\/12\/les-objectifs-de-developpement-durable-odd-risquent-de-ne-pas-etre-atteints\/#primaryimage"},"thumbnailUrl":"https:\/\/apnu.be\/wp-content\/uploads\/2019\/12\/ODD-FR.jpg","datePublished":"2023-07-12T13:00:47+00:00","dateModified":"2025-11-11T09:04:25+00:00","author":{"@id":"https:\/\/apnu.be\/#\/schema\/person\/b1f84938ddb401b1df0d87b68855f7cc"},"breadcrumb":{"@id":"https:\/\/apnu.be\/index.php\/2023\/07\/12\/les-objectifs-de-developpement-durable-odd-risquent-de-ne-pas-etre-atteints\/#breadcrumb"},"inLanguage":"fr-FR","potentialAction":[{"@type":"ReadAction","target":["https:\/\/apnu.be\/index.php\/2023\/07\/12\/les-objectifs-de-developpement-durable-odd-risquent-de-ne-pas-etre-atteints\/"]}]},{"@type":"ImageObject","inLanguage":"fr-FR","@id":"https:\/\/apnu.be\/index.php\/2023\/07\/12\/les-objectifs-de-developpement-durable-odd-risquent-de-ne-pas-etre-atteints\/#primaryimage","url":"https:\/\/apnu.be\/wp-content\/uploads\/2019\/12\/ODD-FR.jpg","contentUrl":"https:\/\/apnu.be\/wp-content\/uploads\/2019\/12\/ODD-FR.jpg","width":1024,"height":683},{"@type":"BreadcrumbList","@id":"https:\/\/apnu.be\/index.php\/2023\/07\/12\/les-objectifs-de-developpement-durable-odd-risquent-de-ne-pas-etre-atteints\/#breadcrumb","itemListElement":[{"@type":"ListItem","position":1,"name":"Accueil","item":"https:\/\/apnu.be\/"},{"@type":"ListItem","position":2,"name":"Les objectifs de d\u00e9veloppement durable (ODD) risquent de ne pas \u00eatre atteints!"}]},{"@type":"WebSite","@id":"https:\/\/apnu.be\/#website","url":"https:\/\/apnu.be\/","name":"APNU","description":"L\u2019Association pour les Nations Unies (A.P.N.U.). Association sans but lucratif (A.S.B.L.)","potentialAction":[{"@type":"SearchAction","target":{"@type":"EntryPoint","urlTemplate":"https:\/\/apnu.be\/?s={search_term_string}"},"query-input":{"@type":"PropertyValueSpecification","valueRequired":true,"valueName":"search_term_string"}}],"inLanguage":"fr-FR"},{"@type":"Person","@id":"https:\/\/apnu.be\/#\/schema\/person\/b1f84938ddb401b1df0d87b68855f7cc","name":"admin","image":{"@type":"ImageObject","inLanguage":"fr-FR","@id":"https:\/\/secure.gravatar.com\/avatar\/e89e9f208d845f01122de42fcf3a35cf929bcb0deb840a867065b8f580c96a66?s=96&d=mm&r=g","url":"https:\/\/secure.gravatar.com\/avatar\/e89e9f208d845f01122de42fcf3a35cf929bcb0deb840a867065b8f580c96a66?s=96&d=mm&r=g","contentUrl":"https:\/\/secure.gravatar.com\/avatar\/e89e9f208d845f01122de42fcf3a35cf929bcb0deb840a867065b8f580c96a66?s=96&d=mm&r=g","caption":"admin"},"url":"https:\/\/apnu.be\/index.php\/author\/admin\/"}]}},"jetpack_featured_media_url":"https:\/\/apnu.be\/wp-content\/uploads\/2019\/12\/ODD-FR.jpg","jetpack_sharing_enabled":true,"_links":{"self":[{"href":"https:\/\/apnu.be\/index.php\/wp-json\/wp\/v2\/posts\/10082","targetHints":{"allow":["GET"]}}],"collection":[{"href":"https:\/\/apnu.be\/index.php\/wp-json\/wp\/v2\/posts"}],"about":[{"href":"https:\/\/apnu.be\/index.php\/wp-json\/wp\/v2\/types\/post"}],"author":[{"embeddable":true,"href":"https:\/\/apnu.be\/index.php\/wp-json\/wp\/v2\/users\/1"}],"replies":[{"embeddable":true,"href":"https:\/\/apnu.be\/index.php\/wp-json\/wp\/v2\/comments?post=10082"}],"version-history":[{"count":3,"href":"https:\/\/apnu.be\/index.php\/wp-json\/wp\/v2\/posts\/10082\/revisions"}],"predecessor-version":[{"id":10087,"href":"https:\/\/apnu.be\/index.php\/wp-json\/wp\/v2\/posts\/10082\/revisions\/10087"}],"wp:featuredmedia":[{"embeddable":true,"href":"https:\/\/apnu.be\/index.php\/wp-json\/wp\/v2\/media\/7938"}],"wp:attachment":[{"href":"https:\/\/apnu.be\/index.php\/wp-json\/wp\/v2\/media?parent=10082"}],"wp:term":[{"taxonomy":"category","embeddable":true,"href":"https:\/\/apnu.be\/index.php\/wp-json\/wp\/v2\/categories?post=10082"},{"taxonomy":"post_tag","embeddable":true,"href":"https:\/\/apnu.be\/index.php\/wp-json\/wp\/v2\/tags?post=10082"}],"curies":[{"name":"wp","href":"https:\/\/api.w.org\/{rel}","templated":true}]}}