{"id":10035,"date":"2023-05-21T10:59:50","date_gmt":"2023-05-21T08:59:50","guid":{"rendered":"https:\/\/apnu.be\/?p=10035"},"modified":"2023-10-23T23:22:38","modified_gmt":"2023-10-23T21:22:38","slug":"a-vos-agendas-sdg-forum-le-19-octobre-2023-a-flagey","status":"publish","type":"post","link":"https:\/\/apnu.be\/index.php\/2023\/05\/21\/a-vos-agendas-sdg-forum-le-19-octobre-2023-a-flagey\/","title":{"rendered":"Atelier de l&rsquo;UNA-Belgium au SDG FORUM du 19 octobre 2023"},"content":{"rendered":"\n<p>Organis\u00e9 chaque ann\u00e9e par 18 organisations partenaires de tous secteurs, le <strong>SDG FORUM<\/strong> offre aux d\u00e9cideurs politiques, aux entreprises, aux ONG et au monde acad\u00e9mique l&rsquo;occasion de se rencontrer et d&rsquo;\u00e9changer des id\u00e9es et des solutions pour la mise en oeuvre des objectifs de d\u00e9veloppement durable (ODD ou SDG en anglais). Cette ann\u00e9e le SDG Forum  a eu lieu le <strong>19 octobre \u00e0 Flagey <\/strong>. <\/p>\n\n\n\n<p class=\"has-black-color has-text-color\"><strong>Au programme:<\/strong><br><strong>Des sessions pl\u00e9ni\u00e8res <\/strong>avec un expos\u00e9 principal et des pr\u00e9sentations inspirantes;<strong>\u200b<\/strong><br><strong>30 ateliers<\/strong>&nbsp;sur divers th\u00e8mes li\u00e9s aux SDGs <strong>;<\/strong><br><strong>Des moments de rencontre <\/strong>o\u00f9 les professionnels des SDGs peuvent partager leurs id\u00e9e.<\/p>\n\n\n\n<p>L\u2019APNU a une nouvelle fois particip\u00e9 au SDG Forum en tenant avec la VVN, dans le cadre de<strong> UNA Belgium<\/strong>, un atelier en anglais <strong>de 13h45 \u00e0 15h00<\/strong>  qui a eu pour th\u00e9matique \u201c<strong>Preparation and presentation of the Belgian Voluntary National Review 2023. Reflections and lessons learned<\/strong>\u201d.<\/p>\n\n\n\n<p>L\u2019objectif de l\u2019atelier \u00e9tait de pr\u00e9senter et d\u2019ouvrir la discussion sur le \u00ab\u00a0Belgian Voluntary National Review (VNR) 2023\u00a0\u00bb, ses forces, ses faiblesses, et ses points d\u2019am\u00e9lioration. Comment faire du VNR un instrument efficace de politique, de coh\u00e9rence et de suivi pour la mise en \u0153uvre des ODD?<\/p>\n\n\n\n<p><\/p>\n\n\n\n<figure class=\"wp-block-image size-large\"><img data-recalc-dims=\"1\" loading=\"lazy\" decoding=\"async\" width=\"780\" height=\"222\" src=\"https:\/\/i0.wp.com\/apnu.be\/wp-content\/uploads\/2023\/05\/UNAbelgium_VVN-APNU-1.png?resize=780%2C222&#038;ssl=1\" alt=\"\" class=\"wp-image-10041\" srcset=\"https:\/\/i0.wp.com\/apnu.be\/wp-content\/uploads\/2023\/05\/UNAbelgium_VVN-APNU-1.png?resize=1024%2C291&amp;ssl=1 1024w, https:\/\/i0.wp.com\/apnu.be\/wp-content\/uploads\/2023\/05\/UNAbelgium_VVN-APNU-1.png?resize=300%2C85&amp;ssl=1 300w, https:\/\/i0.wp.com\/apnu.be\/wp-content\/uploads\/2023\/05\/UNAbelgium_VVN-APNU-1.png?w=1713&amp;ssl=1 1713w, https:\/\/i0.wp.com\/apnu.be\/wp-content\/uploads\/2023\/05\/UNAbelgium_VVN-APNU-1.png?w=1560&amp;ssl=1 1560w\" sizes=\"auto, (max-width: 780px) 100vw, 780px\" \/><\/figure>\n","protected":false},"excerpt":{"rendered":"<p>Organis\u00e9 chaque ann\u00e9e par 18 organisations partenaires de tous secteurs, le SDG FORUM offre aux&#8230;<\/p>\n","protected":false},"author":1,"featured_media":10056,"comment_status":"open","ping_status":"open","sticky":false,"template":"","format":"standard","meta":{"_jetpack_memberships_contains_paid_content":false,"footnotes":""},"categories":[108],"tags":[],"class_list":["post-10035","post","type-post","status-publish","format-standard","has-post-thumbnail","hentry","category-conferences"],"yoast_head":"<!-- This site is optimized with the Yoast SEO plugin v27.5 - https:\/\/yoast.com\/product\/yoast-seo-wordpress\/ -->\n<title>Atelier de l&#039;UNA-Belgium au SDG FORUM du 19 octobre 2023 - APNU<\/title>\n<meta name=\"robots\" content=\"index, follow, max-snippet:-1, max-image-preview:large, max-video-preview:-1\" \/>\n<link rel=\"canonical\" href=\"https:\/\/apnu.be\/index.php\/2023\/05\/21\/a-vos-agendas-sdg-forum-le-19-octobre-2023-a-flagey\/\" \/>\n<meta property=\"og:locale\" content=\"fr_FR\" \/>\n<meta property=\"og:type\" content=\"article\" \/>\n<meta property=\"og:title\" content=\"Atelier de l&#039;UNA-Belgium au SDG FORUM du 19 octobre 2023 - APNU\" \/>\n<meta property=\"og:description\" content=\"Organis\u00e9 chaque ann\u00e9e par 18 organisations partenaires de tous secteurs, le SDG FORUM offre aux...\" \/>\n<meta property=\"og:url\" content=\"https:\/\/apnu.be\/index.php\/2023\/05\/21\/a-vos-agendas-sdg-forum-le-19-octobre-2023-a-flagey\/\" \/>\n<meta property=\"og:site_name\" content=\"APNU\" \/>\n<meta property=\"article:published_time\" content=\"2023-05-21T08:59:50+00:00\" \/>\n<meta property=\"article:modified_time\" content=\"2023-10-23T21:22:38+00:00\" \/>\n<meta property=\"og:image\" content=\"https:\/\/apnu.be\/wp-content\/uploads\/2023\/05\/Photo-ONU-Photo-Mark-Garten-4-1-e1684853480713.png\" \/>\n\t<meta property=\"og:image:width\" content=\"800\" \/>\n\t<meta property=\"og:image:height\" content=\"451\" \/>\n\t<meta property=\"og:image:type\" content=\"image\/png\" \/>\n<meta name=\"author\" content=\"admin\" \/>\n<meta name=\"twitter:card\" content=\"summary_large_image\" \/>\n<meta name=\"twitter:label1\" content=\"\u00c9crit par\" \/>\n\t<meta name=\"twitter:data1\" content=\"admin\" \/>\n\t<meta name=\"twitter:label2\" content=\"Dur\u00e9e de lecture estim\u00e9e\" \/>\n\t<meta name=\"twitter:data2\" content=\"2 minutes\" \/>\n<script type=\"application\/ld+json\" class=\"yoast-schema-graph\">{\"@context\":\"https:\\\/\\\/schema.org\",\"@graph\":[{\"@type\":\"Article\",\"@id\":\"https:\\\/\\\/apnu.be\\\/index.php\\\/2023\\\/05\\\/21\\\/a-vos-agendas-sdg-forum-le-19-octobre-2023-a-flagey\\\/#article\",\"isPartOf\":{\"@id\":\"https:\\\/\\\/apnu.be\\\/index.php\\\/2023\\\/05\\\/21\\\/a-vos-agendas-sdg-forum-le-19-octobre-2023-a-flagey\\\/\"},\"author\":{\"name\":\"admin\",\"@id\":\"https:\\\/\\\/apnu.be\\\/#\\\/schema\\\/person\\\/b1f84938ddb401b1df0d87b68855f7cc\"},\"headline\":\"Atelier de l&rsquo;UNA-Belgium au SDG FORUM du 19 octobre 2023\",\"datePublished\":\"2023-05-21T08:59:50+00:00\",\"dateModified\":\"2023-10-23T21:22:38+00:00\",\"mainEntityOfPage\":{\"@id\":\"https:\\\/\\\/apnu.be\\\/index.php\\\/2023\\\/05\\\/21\\\/a-vos-agendas-sdg-forum-le-19-octobre-2023-a-flagey\\\/\"},\"wordCount\":218,\"commentCount\":0,\"image\":{\"@id\":\"https:\\\/\\\/apnu.be\\\/index.php\\\/2023\\\/05\\\/21\\\/a-vos-agendas-sdg-forum-le-19-octobre-2023-a-flagey\\\/#primaryimage\"},\"thumbnailUrl\":\"https:\\\/\\\/apnu.be\\\/wp-content\\\/uploads\\\/2023\\\/05\\\/Photo-ONU-Photo-Mark-Garten-4-1-e1684853480713.png\",\"articleSection\":[\"Conf\u00e9rences\"],\"inLanguage\":\"fr-FR\",\"potentialAction\":[{\"@type\":\"CommentAction\",\"name\":\"Comment\",\"target\":[\"https:\\\/\\\/apnu.be\\\/index.php\\\/2023\\\/05\\\/21\\\/a-vos-agendas-sdg-forum-le-19-octobre-2023-a-flagey\\\/#respond\"]}]},{\"@type\":\"WebPage\",\"@id\":\"https:\\\/\\\/apnu.be\\\/index.php\\\/2023\\\/05\\\/21\\\/a-vos-agendas-sdg-forum-le-19-octobre-2023-a-flagey\\\/\",\"url\":\"https:\\\/\\\/apnu.be\\\/index.php\\\/2023\\\/05\\\/21\\\/a-vos-agendas-sdg-forum-le-19-octobre-2023-a-flagey\\\/\",\"name\":\"Atelier de l'UNA-Belgium au SDG FORUM du 19 octobre 2023 - APNU\",\"isPartOf\":{\"@id\":\"https:\\\/\\\/apnu.be\\\/#website\"},\"primaryImageOfPage\":{\"@id\":\"https:\\\/\\\/apnu.be\\\/index.php\\\/2023\\\/05\\\/21\\\/a-vos-agendas-sdg-forum-le-19-octobre-2023-a-flagey\\\/#primaryimage\"},\"image\":{\"@id\":\"https:\\\/\\\/apnu.be\\\/index.php\\\/2023\\\/05\\\/21\\\/a-vos-agendas-sdg-forum-le-19-octobre-2023-a-flagey\\\/#primaryimage\"},\"thumbnailUrl\":\"https:\\\/\\\/apnu.be\\\/wp-content\\\/uploads\\\/2023\\\/05\\\/Photo-ONU-Photo-Mark-Garten-4-1-e1684853480713.png\",\"datePublished\":\"2023-05-21T08:59:50+00:00\",\"dateModified\":\"2023-10-23T21:22:38+00:00\",\"author\":{\"@id\":\"https:\\\/\\\/apnu.be\\\/#\\\/schema\\\/person\\\/b1f84938ddb401b1df0d87b68855f7cc\"},\"breadcrumb\":{\"@id\":\"https:\\\/\\\/apnu.be\\\/index.php\\\/2023\\\/05\\\/21\\\/a-vos-agendas-sdg-forum-le-19-octobre-2023-a-flagey\\\/#breadcrumb\"},\"inLanguage\":\"fr-FR\",\"potentialAction\":[{\"@type\":\"ReadAction\",\"target\":[\"https:\\\/\\\/apnu.be\\\/index.php\\\/2023\\\/05\\\/21\\\/a-vos-agendas-sdg-forum-le-19-octobre-2023-a-flagey\\\/\"]}]},{\"@type\":\"ImageObject\",\"inLanguage\":\"fr-FR\",\"@id\":\"https:\\\/\\\/apnu.be\\\/index.php\\\/2023\\\/05\\\/21\\\/a-vos-agendas-sdg-forum-le-19-octobre-2023-a-flagey\\\/#primaryimage\",\"url\":\"https:\\\/\\\/apnu.be\\\/wp-content\\\/uploads\\\/2023\\\/05\\\/Photo-ONU-Photo-Mark-Garten-4-1-e1684853480713.png\",\"contentUrl\":\"https:\\\/\\\/apnu.be\\\/wp-content\\\/uploads\\\/2023\\\/05\\\/Photo-ONU-Photo-Mark-Garten-4-1-e1684853480713.png\",\"width\":800,\"height\":451},{\"@type\":\"BreadcrumbList\",\"@id\":\"https:\\\/\\\/apnu.be\\\/index.php\\\/2023\\\/05\\\/21\\\/a-vos-agendas-sdg-forum-le-19-octobre-2023-a-flagey\\\/#breadcrumb\",\"itemListElement\":[{\"@type\":\"ListItem\",\"position\":1,\"name\":\"Accueil\",\"item\":\"https:\\\/\\\/apnu.be\\\/\"},{\"@type\":\"ListItem\",\"position\":2,\"name\":\"Atelier de l&rsquo;UNA-Belgium au SDG FORUM du 19 octobre 2023\"}]},{\"@type\":\"WebSite\",\"@id\":\"https:\\\/\\\/apnu.be\\\/#website\",\"url\":\"https:\\\/\\\/apnu.be\\\/\",\"name\":\"APNU\",\"description\":\"L\u2019Association pour les Nations Unies (A.P.N.U.). Association sans but lucratif (A.S.B.L.)\",\"potentialAction\":[{\"@type\":\"SearchAction\",\"target\":{\"@type\":\"EntryPoint\",\"urlTemplate\":\"https:\\\/\\\/apnu.be\\\/?s={search_term_string}\"},\"query-input\":{\"@type\":\"PropertyValueSpecification\",\"valueRequired\":true,\"valueName\":\"search_term_string\"}}],\"inLanguage\":\"fr-FR\"},{\"@type\":\"Person\",\"@id\":\"https:\\\/\\\/apnu.be\\\/#\\\/schema\\\/person\\\/b1f84938ddb401b1df0d87b68855f7cc\",\"name\":\"admin\",\"image\":{\"@type\":\"ImageObject\",\"inLanguage\":\"fr-FR\",\"@id\":\"https:\\\/\\\/secure.gravatar.com\\\/avatar\\\/e89e9f208d845f01122de42fcf3a35cf929bcb0deb840a867065b8f580c96a66?s=96&d=mm&r=g\",\"url\":\"https:\\\/\\\/secure.gravatar.com\\\/avatar\\\/e89e9f208d845f01122de42fcf3a35cf929bcb0deb840a867065b8f580c96a66?s=96&d=mm&r=g\",\"contentUrl\":\"https:\\\/\\\/secure.gravatar.com\\\/avatar\\\/e89e9f208d845f01122de42fcf3a35cf929bcb0deb840a867065b8f580c96a66?s=96&d=mm&r=g\",\"caption\":\"admin\"},\"url\":\"https:\\\/\\\/apnu.be\\\/index.php\\\/author\\\/admin\\\/\"}]}<\/script>\n<!-- \/ Yoast SEO plugin. -->","yoast_head_json":{"title":"Atelier de l'UNA-Belgium au SDG FORUM du 19 octobre 2023 - APNU","robots":{"index":"index","follow":"follow","max-snippet":"max-snippet:-1","max-image-preview":"max-image-preview:large","max-video-preview":"max-video-preview:-1"},"canonical":"https:\/\/apnu.be\/index.php\/2023\/05\/21\/a-vos-agendas-sdg-forum-le-19-octobre-2023-a-flagey\/","og_locale":"fr_FR","og_type":"article","og_title":"Atelier de l'UNA-Belgium au SDG FORUM du 19 octobre 2023 - APNU","og_description":"Organis\u00e9 chaque ann\u00e9e par 18 organisations partenaires de tous secteurs, le SDG FORUM offre aux...","og_url":"https:\/\/apnu.be\/index.php\/2023\/05\/21\/a-vos-agendas-sdg-forum-le-19-octobre-2023-a-flagey\/","og_site_name":"APNU","article_published_time":"2023-05-21T08:59:50+00:00","article_modified_time":"2023-10-23T21:22:38+00:00","og_image":[{"width":800,"height":451,"url":"https:\/\/apnu.be\/wp-content\/uploads\/2023\/05\/Photo-ONU-Photo-Mark-Garten-4-1-e1684853480713.png","type":"image\/png"}],"author":"admin","twitter_card":"summary_large_image","twitter_misc":{"\u00c9crit par":"admin","Dur\u00e9e de lecture estim\u00e9e":"2 minutes"},"schema":{"@context":"https:\/\/schema.org","@graph":[{"@type":"Article","@id":"https:\/\/apnu.be\/index.php\/2023\/05\/21\/a-vos-agendas-sdg-forum-le-19-octobre-2023-a-flagey\/#article","isPartOf":{"@id":"https:\/\/apnu.be\/index.php\/2023\/05\/21\/a-vos-agendas-sdg-forum-le-19-octobre-2023-a-flagey\/"},"author":{"name":"admin","@id":"https:\/\/apnu.be\/#\/schema\/person\/b1f84938ddb401b1df0d87b68855f7cc"},"headline":"Atelier de l&rsquo;UNA-Belgium au SDG FORUM du 19 octobre 2023","datePublished":"2023-05-21T08:59:50+00:00","dateModified":"2023-10-23T21:22:38+00:00","mainEntityOfPage":{"@id":"https:\/\/apnu.be\/index.php\/2023\/05\/21\/a-vos-agendas-sdg-forum-le-19-octobre-2023-a-flagey\/"},"wordCount":218,"commentCount":0,"image":{"@id":"https:\/\/apnu.be\/index.php\/2023\/05\/21\/a-vos-agendas-sdg-forum-le-19-octobre-2023-a-flagey\/#primaryimage"},"thumbnailUrl":"https:\/\/apnu.be\/wp-content\/uploads\/2023\/05\/Photo-ONU-Photo-Mark-Garten-4-1-e1684853480713.png","articleSection":["Conf\u00e9rences"],"inLanguage":"fr-FR","potentialAction":[{"@type":"CommentAction","name":"Comment","target":["https:\/\/apnu.be\/index.php\/2023\/05\/21\/a-vos-agendas-sdg-forum-le-19-octobre-2023-a-flagey\/#respond"]}]},{"@type":"WebPage","@id":"https:\/\/apnu.be\/index.php\/2023\/05\/21\/a-vos-agendas-sdg-forum-le-19-octobre-2023-a-flagey\/","url":"https:\/\/apnu.be\/index.php\/2023\/05\/21\/a-vos-agendas-sdg-forum-le-19-octobre-2023-a-flagey\/","name":"Atelier de l'UNA-Belgium au SDG FORUM du 19 octobre 2023 - APNU","isPartOf":{"@id":"https:\/\/apnu.be\/#website"},"primaryImageOfPage":{"@id":"https:\/\/apnu.be\/index.php\/2023\/05\/21\/a-vos-agendas-sdg-forum-le-19-octobre-2023-a-flagey\/#primaryimage"},"image":{"@id":"https:\/\/apnu.be\/index.php\/2023\/05\/21\/a-vos-agendas-sdg-forum-le-19-octobre-2023-a-flagey\/#primaryimage"},"thumbnailUrl":"https:\/\/apnu.be\/wp-content\/uploads\/2023\/05\/Photo-ONU-Photo-Mark-Garten-4-1-e1684853480713.png","datePublished":"2023-05-21T08:59:50+00:00","dateModified":"2023-10-23T21:22:38+00:00","author":{"@id":"https:\/\/apnu.be\/#\/schema\/person\/b1f84938ddb401b1df0d87b68855f7cc"},"breadcrumb":{"@id":"https:\/\/apnu.be\/index.php\/2023\/05\/21\/a-vos-agendas-sdg-forum-le-19-octobre-2023-a-flagey\/#breadcrumb"},"inLanguage":"fr-FR","potentialAction":[{"@type":"ReadAction","target":["https:\/\/apnu.be\/index.php\/2023\/05\/21\/a-vos-agendas-sdg-forum-le-19-octobre-2023-a-flagey\/"]}]},{"@type":"ImageObject","inLanguage":"fr-FR","@id":"https:\/\/apnu.be\/index.php\/2023\/05\/21\/a-vos-agendas-sdg-forum-le-19-octobre-2023-a-flagey\/#primaryimage","url":"https:\/\/apnu.be\/wp-content\/uploads\/2023\/05\/Photo-ONU-Photo-Mark-Garten-4-1-e1684853480713.png","contentUrl":"https:\/\/apnu.be\/wp-content\/uploads\/2023\/05\/Photo-ONU-Photo-Mark-Garten-4-1-e1684853480713.png","width":800,"height":451},{"@type":"BreadcrumbList","@id":"https:\/\/apnu.be\/index.php\/2023\/05\/21\/a-vos-agendas-sdg-forum-le-19-octobre-2023-a-flagey\/#breadcrumb","itemListElement":[{"@type":"ListItem","position":1,"name":"Accueil","item":"https:\/\/apnu.be\/"},{"@type":"ListItem","position":2,"name":"Atelier de l&rsquo;UNA-Belgium au SDG FORUM du 19 octobre 2023"}]},{"@type":"WebSite","@id":"https:\/\/apnu.be\/#website","url":"https:\/\/apnu.be\/","name":"APNU","description":"L\u2019Association pour les Nations Unies (A.P.N.U.). Association sans but lucratif (A.S.B.L.)","potentialAction":[{"@type":"SearchAction","target":{"@type":"EntryPoint","urlTemplate":"https:\/\/apnu.be\/?s={search_term_string}"},"query-input":{"@type":"PropertyValueSpecification","valueRequired":true,"valueName":"search_term_string"}}],"inLanguage":"fr-FR"},{"@type":"Person","@id":"https:\/\/apnu.be\/#\/schema\/person\/b1f84938ddb401b1df0d87b68855f7cc","name":"admin","image":{"@type":"ImageObject","inLanguage":"fr-FR","@id":"https:\/\/secure.gravatar.com\/avatar\/e89e9f208d845f01122de42fcf3a35cf929bcb0deb840a867065b8f580c96a66?s=96&d=mm&r=g","url":"https:\/\/secure.gravatar.com\/avatar\/e89e9f208d845f01122de42fcf3a35cf929bcb0deb840a867065b8f580c96a66?s=96&d=mm&r=g","contentUrl":"https:\/\/secure.gravatar.com\/avatar\/e89e9f208d845f01122de42fcf3a35cf929bcb0deb840a867065b8f580c96a66?s=96&d=mm&r=g","caption":"admin"},"url":"https:\/\/apnu.be\/index.php\/author\/admin\/"}]}},"jetpack_featured_media_url":"https:\/\/apnu.be\/wp-content\/uploads\/2023\/05\/Photo-ONU-Photo-Mark-Garten-4-1-e1684853480713.png","jetpack_sharing_enabled":true,"_links":{"self":[{"href":"https:\/\/apnu.be\/index.php\/wp-json\/wp\/v2\/posts\/10035","targetHints":{"allow":["GET"]}}],"collection":[{"href":"https:\/\/apnu.be\/index.php\/wp-json\/wp\/v2\/posts"}],"about":[{"href":"https:\/\/apnu.be\/index.php\/wp-json\/wp\/v2\/types\/post"}],"author":[{"embeddable":true,"href":"https:\/\/apnu.be\/index.php\/wp-json\/wp\/v2\/users\/1"}],"replies":[{"embeddable":true,"href":"https:\/\/apnu.be\/index.php\/wp-json\/wp\/v2\/comments?post=10035"}],"version-history":[{"count":8,"href":"https:\/\/apnu.be\/index.php\/wp-json\/wp\/v2\/posts\/10035\/revisions"}],"predecessor-version":[{"id":10136,"href":"https:\/\/apnu.be\/index.php\/wp-json\/wp\/v2\/posts\/10035\/revisions\/10136"}],"wp:featuredmedia":[{"embeddable":true,"href":"https:\/\/apnu.be\/index.php\/wp-json\/wp\/v2\/media\/10056"}],"wp:attachment":[{"href":"https:\/\/apnu.be\/index.php\/wp-json\/wp\/v2\/media?parent=10035"}],"wp:term":[{"taxonomy":"category","embeddable":true,"href":"https:\/\/apnu.be\/index.php\/wp-json\/wp\/v2\/categories?post=10035"},{"taxonomy":"post_tag","embeddable":true,"href":"https:\/\/apnu.be\/index.php\/wp-json\/wp\/v2\/tags?post=10035"}],"curies":[{"name":"wp","href":"https:\/\/api.w.org\/{rel}","templated":true}]}}