{"id":10030,"date":"2023-05-21T10:32:13","date_gmt":"2023-05-21T08:32:13","guid":{"rendered":"https:\/\/apnu.be\/?p=10030"},"modified":"2025-11-11T10:08:02","modified_gmt":"2025-11-11T09:08:02","slug":"un-scientifique-congolais-et-un-scientifique-belge-recompenses-par-loms","status":"publish","type":"post","link":"https:\/\/apnu.be\/index.php\/2023\/05\/21\/un-scientifique-congolais-et-un-scientifique-belge-recompenses-par-loms\/","title":{"rendered":"Un scientifique congolais et un scientifique belge r\u00e9compens\u00e9s par l\u2019OMS"},"content":{"rendered":"\n<p><strong>Le scientifique congolais, Jean-Jacques Muyembe-Tamfum, et le scientifique belge, Peter Piot, ont  \u00e9t\u00e9 r\u00e9compens\u00e9s par l\u2019Organisation mondiale de la Sant\u00e9 (OMS) pour leur engagement de toute une vie en faveur de la sant\u00e9 lors de&nbsp;la session d&rsquo;ouverture de la 76e Assembl\u00e9e mondiale de la Sant\u00e9 le 21 mai \u00e0 Gen\u00e8ve.<\/strong><\/p>\n\n\n\n<figure class=\"wp-block-image size-full\"><img data-recalc-dims=\"1\" loading=\"lazy\" decoding=\"async\" width=\"334\" height=\"405\" src=\"https:\/\/i0.wp.com\/apnu.be\/wp-content\/uploads\/2023\/05\/Muyembe.jpg?resize=334%2C405&#038;ssl=1\" alt=\"\" class=\"wp-image-10031\" srcset=\"https:\/\/i0.wp.com\/apnu.be\/wp-content\/uploads\/2023\/05\/Muyembe.jpg?w=334&amp;ssl=1 334w, https:\/\/i0.wp.com\/apnu.be\/wp-content\/uploads\/2023\/05\/Muyembe.jpg?resize=247%2C300&amp;ssl=1 247w\" sizes=\"auto, (max-width: 334px) 100vw, 334px\" \/><\/figure>\n\n\n\n<p><strong>Le professeur Muyembe-Tamfum<\/strong> est reconnu pour son innovation, son leadership et ses contributions novatrices \u00e0 la gestion et au traitement de maladies telles que la maladie \u00e0 virus Ebola. Il a jou\u00e9 un r\u00f4le essentiel dans l&rsquo;am\u00e9lioration des r\u00e9sultats en mati\u00e8re de sant\u00e9 en RDC et ailleurs. <\/p>\n\n\n\n<p>Le professeur Muyembe-Tamfum est Directeur g\u00e9n\u00e9ral de l&rsquo;Institut national de recherche biom\u00e9dicale de la RDC \u00e0 Kinshasa, professeur titulaire de microbiologie \u00e0 la facult\u00e9 de m\u00e9decine de l&rsquo;Universit\u00e9 de Kinshasa et premier pr\u00e9sident de l&rsquo;Acad\u00e9mie congolaise des sciences.<\/p>\n\n\n\n<p>Il faisait partie de l&rsquo;\u00e9quipe qui a d\u00e9couvert le virus Ebola du Za\u00efre lors de la premi\u00e8re \u00e9pid\u00e9mie enregistr\u00e9e en 1976, dans la province de l&rsquo;Equateur, au centre de la RDC. Il a ensuite contribu\u00e9 \u00e0 la conception de l&rsquo;un des premiers traitements efficaces contre le virus et au d\u00e9ploiement de vaccins exp\u00e9rimentaux contre la maladie \u00e0 virus Ebola. Il a travaill\u00e9 sans rel\u00e2che pour renforcer les capacit\u00e9s scientifiques de la RDC, en cr\u00e9ant de multiples installations de recherche dans le pays, et a jou\u00e9 un r\u00f4le cl\u00e9 avec l&rsquo;OMS dans la lutte contre les maladies infectieuses.<\/p>\n\n\n\n<figure class=\"wp-block-image size-full\"><img data-recalc-dims=\"1\" loading=\"lazy\" decoding=\"async\" width=\"302\" height=\"283\" src=\"https:\/\/i0.wp.com\/apnu.be\/wp-content\/uploads\/2023\/05\/Peter-Piot.jpg?resize=302%2C283&#038;ssl=1\" alt=\"\" class=\"wp-image-10032\" srcset=\"https:\/\/i0.wp.com\/apnu.be\/wp-content\/uploads\/2023\/05\/Peter-Piot.jpg?w=302&amp;ssl=1 302w, https:\/\/i0.wp.com\/apnu.be\/wp-content\/uploads\/2023\/05\/Peter-Piot.jpg?resize=300%2C281&amp;ssl=1 300w\" sizes=\"auto, (max-width: 302px) 100vw, 302px\" \/><\/figure>\n\n\n\n<p><strong>Le professeur Piot<\/strong> est reconnu pour son leadership extraordinaire dans la r\u00e9ponse \u00e0 l&rsquo;\u00e9pid\u00e9mie de VIH\/sida et \u00e0 d&rsquo;autres d\u00e9fis de sant\u00e9 mondiaux importants. Il a jou\u00e9 un r\u00f4le essentiel dans le lancement d&rsquo;importantes initiatives de sant\u00e9 mondiale telles que l&rsquo;ONUSIDA, le Fonds mondial et d&rsquo;autres qui ont am\u00e9lior\u00e9 les r\u00e9sultats en mati\u00e8re de sant\u00e9 dans le monde. Sous sa direction, l&rsquo;ONUSIDA est devenu le principal d\u00e9fenseur de l&rsquo;action mondiale contre le sida, et a \u00e9galement \u00e9t\u00e9 le fer de lance de la r\u00e9forme des Nations Unies en r\u00e9unissant 10 organisations diff\u00e9rentes des Nations Unies.<\/p>\n\n\n\n<p>Le professeur Piot a \u00e9galement jou\u00e9 un r\u00f4le dans la d\u00e9couverte ant\u00e9rieure du virus Ebola et dans l&rsquo;endiguement de la premi\u00e8re \u00e9pid\u00e9mie connue, en participant \u00e0 des enqu\u00eates \u00e9pid\u00e9miologiques de terrain. Il a pr\u00e9sid\u00e9 un certain nombre d&rsquo;initiatives de haut niveau, a occup\u00e9 de nombreux postes consultatifs de haut niveau, notamment sur la&nbsp;<a href=\"https:\/\/www.un.org\/coronavirus\">COVID-19<\/a>, et a re\u00e7u de nombreux prix.<\/p>\n\n\n\n<p>Le professeur Piot est conseiller sp\u00e9cial du pr\u00e9sident de la Commission europ\u00e9enne, professeur de sant\u00e9 mondiale et ancien Directeur de la London School of Hygiene &amp; Tropical Medicine.<\/p>\n","protected":false},"excerpt":{"rendered":"<p>Le scientifique congolais, Jean-Jacques Muyembe-Tamfum, et le scientifique belge, Peter Piot, ont \u00e9t\u00e9 r\u00e9compens\u00e9s par&#8230;<\/p>\n","protected":false},"author":1,"featured_media":10076,"comment_status":"open","ping_status":"open","sticky":false,"template":"","format":"standard","meta":{"_jetpack_memberships_contains_paid_content":false,"footnotes":""},"categories":[118],"tags":[],"class_list":["post-10030","post","type-post","status-publish","format-standard","has-post-thumbnail","hentry","category-articles"],"yoast_head":"<!-- This site is optimized with the Yoast SEO plugin v27.5 - https:\/\/yoast.com\/product\/yoast-seo-wordpress\/ -->\n<title>Un scientifique congolais et un scientifique belge r\u00e9compens\u00e9s par l\u2019OMS - APNU<\/title>\n<meta name=\"robots\" content=\"index, follow, max-snippet:-1, max-image-preview:large, max-video-preview:-1\" \/>\n<link rel=\"canonical\" href=\"https:\/\/apnu.be\/index.php\/2023\/05\/21\/un-scientifique-congolais-et-un-scientifique-belge-recompenses-par-loms\/\" \/>\n<meta property=\"og:locale\" content=\"fr_FR\" \/>\n<meta property=\"og:type\" content=\"article\" \/>\n<meta property=\"og:title\" content=\"Un scientifique congolais et un scientifique belge r\u00e9compens\u00e9s par l\u2019OMS - APNU\" \/>\n<meta property=\"og:description\" content=\"Le scientifique congolais, Jean-Jacques Muyembe-Tamfum, et le scientifique belge, Peter Piot, ont \u00e9t\u00e9 r\u00e9compens\u00e9s par...\" \/>\n<meta property=\"og:url\" content=\"https:\/\/apnu.be\/index.php\/2023\/05\/21\/un-scientifique-congolais-et-un-scientifique-belge-recompenses-par-loms\/\" \/>\n<meta property=\"og:site_name\" content=\"APNU\" \/>\n<meta property=\"article:published_time\" content=\"2023-05-21T08:32:13+00:00\" \/>\n<meta property=\"article:modified_time\" content=\"2025-11-11T09:08:02+00:00\" \/>\n<meta property=\"og:image\" content=\"https:\/\/apnu.be\/wp-content\/uploads\/2023\/05\/OMS.png\" \/>\n\t<meta property=\"og:image:width\" content=\"1640\" \/>\n\t<meta property=\"og:image:height\" content=\"924\" \/>\n\t<meta property=\"og:image:type\" content=\"image\/png\" \/>\n<meta name=\"author\" content=\"admin\" \/>\n<meta name=\"twitter:card\" content=\"summary_large_image\" \/>\n<meta name=\"twitter:label1\" content=\"\u00c9crit par\" \/>\n\t<meta name=\"twitter:data1\" content=\"admin\" \/>\n\t<meta name=\"twitter:label2\" content=\"Dur\u00e9e de lecture estim\u00e9e\" \/>\n\t<meta name=\"twitter:data2\" content=\"3 minutes\" \/>\n<script type=\"application\/ld+json\" class=\"yoast-schema-graph\">{\"@context\":\"https:\\\/\\\/schema.org\",\"@graph\":[{\"@type\":\"Article\",\"@id\":\"https:\\\/\\\/apnu.be\\\/index.php\\\/2023\\\/05\\\/21\\\/un-scientifique-congolais-et-un-scientifique-belge-recompenses-par-loms\\\/#article\",\"isPartOf\":{\"@id\":\"https:\\\/\\\/apnu.be\\\/index.php\\\/2023\\\/05\\\/21\\\/un-scientifique-congolais-et-un-scientifique-belge-recompenses-par-loms\\\/\"},\"author\":{\"name\":\"admin\",\"@id\":\"https:\\\/\\\/apnu.be\\\/#\\\/schema\\\/person\\\/b1f84938ddb401b1df0d87b68855f7cc\"},\"headline\":\"Un scientifique congolais et un scientifique belge r\u00e9compens\u00e9s par l\u2019OMS\",\"datePublished\":\"2023-05-21T08:32:13+00:00\",\"dateModified\":\"2025-11-11T09:08:02+00:00\",\"mainEntityOfPage\":{\"@id\":\"https:\\\/\\\/apnu.be\\\/index.php\\\/2023\\\/05\\\/21\\\/un-scientifique-congolais-et-un-scientifique-belge-recompenses-par-loms\\\/\"},\"wordCount\":486,\"commentCount\":0,\"image\":{\"@id\":\"https:\\\/\\\/apnu.be\\\/index.php\\\/2023\\\/05\\\/21\\\/un-scientifique-congolais-et-un-scientifique-belge-recompenses-par-loms\\\/#primaryimage\"},\"thumbnailUrl\":\"https:\\\/\\\/apnu.be\\\/wp-content\\\/uploads\\\/2023\\\/05\\\/OMS.png\",\"articleSection\":[\"Articles\"],\"inLanguage\":\"fr-FR\",\"potentialAction\":[{\"@type\":\"CommentAction\",\"name\":\"Comment\",\"target\":[\"https:\\\/\\\/apnu.be\\\/index.php\\\/2023\\\/05\\\/21\\\/un-scientifique-congolais-et-un-scientifique-belge-recompenses-par-loms\\\/#respond\"]}]},{\"@type\":\"WebPage\",\"@id\":\"https:\\\/\\\/apnu.be\\\/index.php\\\/2023\\\/05\\\/21\\\/un-scientifique-congolais-et-un-scientifique-belge-recompenses-par-loms\\\/\",\"url\":\"https:\\\/\\\/apnu.be\\\/index.php\\\/2023\\\/05\\\/21\\\/un-scientifique-congolais-et-un-scientifique-belge-recompenses-par-loms\\\/\",\"name\":\"Un scientifique congolais et un scientifique belge r\u00e9compens\u00e9s par l\u2019OMS - APNU\",\"isPartOf\":{\"@id\":\"https:\\\/\\\/apnu.be\\\/#website\"},\"primaryImageOfPage\":{\"@id\":\"https:\\\/\\\/apnu.be\\\/index.php\\\/2023\\\/05\\\/21\\\/un-scientifique-congolais-et-un-scientifique-belge-recompenses-par-loms\\\/#primaryimage\"},\"image\":{\"@id\":\"https:\\\/\\\/apnu.be\\\/index.php\\\/2023\\\/05\\\/21\\\/un-scientifique-congolais-et-un-scientifique-belge-recompenses-par-loms\\\/#primaryimage\"},\"thumbnailUrl\":\"https:\\\/\\\/apnu.be\\\/wp-content\\\/uploads\\\/2023\\\/05\\\/OMS.png\",\"datePublished\":\"2023-05-21T08:32:13+00:00\",\"dateModified\":\"2025-11-11T09:08:02+00:00\",\"author\":{\"@id\":\"https:\\\/\\\/apnu.be\\\/#\\\/schema\\\/person\\\/b1f84938ddb401b1df0d87b68855f7cc\"},\"breadcrumb\":{\"@id\":\"https:\\\/\\\/apnu.be\\\/index.php\\\/2023\\\/05\\\/21\\\/un-scientifique-congolais-et-un-scientifique-belge-recompenses-par-loms\\\/#breadcrumb\"},\"inLanguage\":\"fr-FR\",\"potentialAction\":[{\"@type\":\"ReadAction\",\"target\":[\"https:\\\/\\\/apnu.be\\\/index.php\\\/2023\\\/05\\\/21\\\/un-scientifique-congolais-et-un-scientifique-belge-recompenses-par-loms\\\/\"]}]},{\"@type\":\"ImageObject\",\"inLanguage\":\"fr-FR\",\"@id\":\"https:\\\/\\\/apnu.be\\\/index.php\\\/2023\\\/05\\\/21\\\/un-scientifique-congolais-et-un-scientifique-belge-recompenses-par-loms\\\/#primaryimage\",\"url\":\"https:\\\/\\\/apnu.be\\\/wp-content\\\/uploads\\\/2023\\\/05\\\/OMS.png\",\"contentUrl\":\"https:\\\/\\\/apnu.be\\\/wp-content\\\/uploads\\\/2023\\\/05\\\/OMS.png\",\"width\":1640,\"height\":924},{\"@type\":\"BreadcrumbList\",\"@id\":\"https:\\\/\\\/apnu.be\\\/index.php\\\/2023\\\/05\\\/21\\\/un-scientifique-congolais-et-un-scientifique-belge-recompenses-par-loms\\\/#breadcrumb\",\"itemListElement\":[{\"@type\":\"ListItem\",\"position\":1,\"name\":\"Accueil\",\"item\":\"https:\\\/\\\/apnu.be\\\/\"},{\"@type\":\"ListItem\",\"position\":2,\"name\":\"Un scientifique congolais et un scientifique belge r\u00e9compens\u00e9s par l\u2019OMS\"}]},{\"@type\":\"WebSite\",\"@id\":\"https:\\\/\\\/apnu.be\\\/#website\",\"url\":\"https:\\\/\\\/apnu.be\\\/\",\"name\":\"APNU\",\"description\":\"L\u2019Association pour les Nations Unies (A.P.N.U.). Association sans but lucratif (A.S.B.L.)\",\"potentialAction\":[{\"@type\":\"SearchAction\",\"target\":{\"@type\":\"EntryPoint\",\"urlTemplate\":\"https:\\\/\\\/apnu.be\\\/?s={search_term_string}\"},\"query-input\":{\"@type\":\"PropertyValueSpecification\",\"valueRequired\":true,\"valueName\":\"search_term_string\"}}],\"inLanguage\":\"fr-FR\"},{\"@type\":\"Person\",\"@id\":\"https:\\\/\\\/apnu.be\\\/#\\\/schema\\\/person\\\/b1f84938ddb401b1df0d87b68855f7cc\",\"name\":\"admin\",\"image\":{\"@type\":\"ImageObject\",\"inLanguage\":\"fr-FR\",\"@id\":\"https:\\\/\\\/secure.gravatar.com\\\/avatar\\\/e89e9f208d845f01122de42fcf3a35cf929bcb0deb840a867065b8f580c96a66?s=96&d=mm&r=g\",\"url\":\"https:\\\/\\\/secure.gravatar.com\\\/avatar\\\/e89e9f208d845f01122de42fcf3a35cf929bcb0deb840a867065b8f580c96a66?s=96&d=mm&r=g\",\"contentUrl\":\"https:\\\/\\\/secure.gravatar.com\\\/avatar\\\/e89e9f208d845f01122de42fcf3a35cf929bcb0deb840a867065b8f580c96a66?s=96&d=mm&r=g\",\"caption\":\"admin\"},\"url\":\"https:\\\/\\\/apnu.be\\\/index.php\\\/author\\\/admin\\\/\"}]}<\/script>\n<!-- \/ Yoast SEO plugin. -->","yoast_head_json":{"title":"Un scientifique congolais et un scientifique belge r\u00e9compens\u00e9s par l\u2019OMS - APNU","robots":{"index":"index","follow":"follow","max-snippet":"max-snippet:-1","max-image-preview":"max-image-preview:large","max-video-preview":"max-video-preview:-1"},"canonical":"https:\/\/apnu.be\/index.php\/2023\/05\/21\/un-scientifique-congolais-et-un-scientifique-belge-recompenses-par-loms\/","og_locale":"fr_FR","og_type":"article","og_title":"Un scientifique congolais et un scientifique belge r\u00e9compens\u00e9s par l\u2019OMS - APNU","og_description":"Le scientifique congolais, Jean-Jacques Muyembe-Tamfum, et le scientifique belge, Peter Piot, ont \u00e9t\u00e9 r\u00e9compens\u00e9s par...","og_url":"https:\/\/apnu.be\/index.php\/2023\/05\/21\/un-scientifique-congolais-et-un-scientifique-belge-recompenses-par-loms\/","og_site_name":"APNU","article_published_time":"2023-05-21T08:32:13+00:00","article_modified_time":"2025-11-11T09:08:02+00:00","og_image":[{"width":1640,"height":924,"url":"https:\/\/apnu.be\/wp-content\/uploads\/2023\/05\/OMS.png","type":"image\/png"}],"author":"admin","twitter_card":"summary_large_image","twitter_misc":{"\u00c9crit par":"admin","Dur\u00e9e de lecture estim\u00e9e":"3 minutes"},"schema":{"@context":"https:\/\/schema.org","@graph":[{"@type":"Article","@id":"https:\/\/apnu.be\/index.php\/2023\/05\/21\/un-scientifique-congolais-et-un-scientifique-belge-recompenses-par-loms\/#article","isPartOf":{"@id":"https:\/\/apnu.be\/index.php\/2023\/05\/21\/un-scientifique-congolais-et-un-scientifique-belge-recompenses-par-loms\/"},"author":{"name":"admin","@id":"https:\/\/apnu.be\/#\/schema\/person\/b1f84938ddb401b1df0d87b68855f7cc"},"headline":"Un scientifique congolais et un scientifique belge r\u00e9compens\u00e9s par l\u2019OMS","datePublished":"2023-05-21T08:32:13+00:00","dateModified":"2025-11-11T09:08:02+00:00","mainEntityOfPage":{"@id":"https:\/\/apnu.be\/index.php\/2023\/05\/21\/un-scientifique-congolais-et-un-scientifique-belge-recompenses-par-loms\/"},"wordCount":486,"commentCount":0,"image":{"@id":"https:\/\/apnu.be\/index.php\/2023\/05\/21\/un-scientifique-congolais-et-un-scientifique-belge-recompenses-par-loms\/#primaryimage"},"thumbnailUrl":"https:\/\/apnu.be\/wp-content\/uploads\/2023\/05\/OMS.png","articleSection":["Articles"],"inLanguage":"fr-FR","potentialAction":[{"@type":"CommentAction","name":"Comment","target":["https:\/\/apnu.be\/index.php\/2023\/05\/21\/un-scientifique-congolais-et-un-scientifique-belge-recompenses-par-loms\/#respond"]}]},{"@type":"WebPage","@id":"https:\/\/apnu.be\/index.php\/2023\/05\/21\/un-scientifique-congolais-et-un-scientifique-belge-recompenses-par-loms\/","url":"https:\/\/apnu.be\/index.php\/2023\/05\/21\/un-scientifique-congolais-et-un-scientifique-belge-recompenses-par-loms\/","name":"Un scientifique congolais et un scientifique belge r\u00e9compens\u00e9s par l\u2019OMS - APNU","isPartOf":{"@id":"https:\/\/apnu.be\/#website"},"primaryImageOfPage":{"@id":"https:\/\/apnu.be\/index.php\/2023\/05\/21\/un-scientifique-congolais-et-un-scientifique-belge-recompenses-par-loms\/#primaryimage"},"image":{"@id":"https:\/\/apnu.be\/index.php\/2023\/05\/21\/un-scientifique-congolais-et-un-scientifique-belge-recompenses-par-loms\/#primaryimage"},"thumbnailUrl":"https:\/\/apnu.be\/wp-content\/uploads\/2023\/05\/OMS.png","datePublished":"2023-05-21T08:32:13+00:00","dateModified":"2025-11-11T09:08:02+00:00","author":{"@id":"https:\/\/apnu.be\/#\/schema\/person\/b1f84938ddb401b1df0d87b68855f7cc"},"breadcrumb":{"@id":"https:\/\/apnu.be\/index.php\/2023\/05\/21\/un-scientifique-congolais-et-un-scientifique-belge-recompenses-par-loms\/#breadcrumb"},"inLanguage":"fr-FR","potentialAction":[{"@type":"ReadAction","target":["https:\/\/apnu.be\/index.php\/2023\/05\/21\/un-scientifique-congolais-et-un-scientifique-belge-recompenses-par-loms\/"]}]},{"@type":"ImageObject","inLanguage":"fr-FR","@id":"https:\/\/apnu.be\/index.php\/2023\/05\/21\/un-scientifique-congolais-et-un-scientifique-belge-recompenses-par-loms\/#primaryimage","url":"https:\/\/apnu.be\/wp-content\/uploads\/2023\/05\/OMS.png","contentUrl":"https:\/\/apnu.be\/wp-content\/uploads\/2023\/05\/OMS.png","width":1640,"height":924},{"@type":"BreadcrumbList","@id":"https:\/\/apnu.be\/index.php\/2023\/05\/21\/un-scientifique-congolais-et-un-scientifique-belge-recompenses-par-loms\/#breadcrumb","itemListElement":[{"@type":"ListItem","position":1,"name":"Accueil","item":"https:\/\/apnu.be\/"},{"@type":"ListItem","position":2,"name":"Un scientifique congolais et un scientifique belge r\u00e9compens\u00e9s par l\u2019OMS"}]},{"@type":"WebSite","@id":"https:\/\/apnu.be\/#website","url":"https:\/\/apnu.be\/","name":"APNU","description":"L\u2019Association pour les Nations Unies (A.P.N.U.). Association sans but lucratif (A.S.B.L.)","potentialAction":[{"@type":"SearchAction","target":{"@type":"EntryPoint","urlTemplate":"https:\/\/apnu.be\/?s={search_term_string}"},"query-input":{"@type":"PropertyValueSpecification","valueRequired":true,"valueName":"search_term_string"}}],"inLanguage":"fr-FR"},{"@type":"Person","@id":"https:\/\/apnu.be\/#\/schema\/person\/b1f84938ddb401b1df0d87b68855f7cc","name":"admin","image":{"@type":"ImageObject","inLanguage":"fr-FR","@id":"https:\/\/secure.gravatar.com\/avatar\/e89e9f208d845f01122de42fcf3a35cf929bcb0deb840a867065b8f580c96a66?s=96&d=mm&r=g","url":"https:\/\/secure.gravatar.com\/avatar\/e89e9f208d845f01122de42fcf3a35cf929bcb0deb840a867065b8f580c96a66?s=96&d=mm&r=g","contentUrl":"https:\/\/secure.gravatar.com\/avatar\/e89e9f208d845f01122de42fcf3a35cf929bcb0deb840a867065b8f580c96a66?s=96&d=mm&r=g","caption":"admin"},"url":"https:\/\/apnu.be\/index.php\/author\/admin\/"}]}},"jetpack_featured_media_url":"https:\/\/apnu.be\/wp-content\/uploads\/2023\/05\/OMS.png","jetpack_sharing_enabled":true,"_links":{"self":[{"href":"https:\/\/apnu.be\/index.php\/wp-json\/wp\/v2\/posts\/10030","targetHints":{"allow":["GET"]}}],"collection":[{"href":"https:\/\/apnu.be\/index.php\/wp-json\/wp\/v2\/posts"}],"about":[{"href":"https:\/\/apnu.be\/index.php\/wp-json\/wp\/v2\/types\/post"}],"author":[{"embeddable":true,"href":"https:\/\/apnu.be\/index.php\/wp-json\/wp\/v2\/users\/1"}],"replies":[{"embeddable":true,"href":"https:\/\/apnu.be\/index.php\/wp-json\/wp\/v2\/comments?post=10030"}],"version-history":[{"count":2,"href":"https:\/\/apnu.be\/index.php\/wp-json\/wp\/v2\/posts\/10030\/revisions"}],"predecessor-version":[{"id":10077,"href":"https:\/\/apnu.be\/index.php\/wp-json\/wp\/v2\/posts\/10030\/revisions\/10077"}],"wp:featuredmedia":[{"embeddable":true,"href":"https:\/\/apnu.be\/index.php\/wp-json\/wp\/v2\/media\/10076"}],"wp:attachment":[{"href":"https:\/\/apnu.be\/index.php\/wp-json\/wp\/v2\/media?parent=10030"}],"wp:term":[{"taxonomy":"category","embeddable":true,"href":"https:\/\/apnu.be\/index.php\/wp-json\/wp\/v2\/categories?post=10030"},{"taxonomy":"post_tag","embeddable":true,"href":"https:\/\/apnu.be\/index.php\/wp-json\/wp\/v2\/tags?post=10030"}],"curies":[{"name":"wp","href":"https:\/\/api.w.org\/{rel}","templated":true}]}}